{"id":5334,"date":"2025-12-15T19:38:00","date_gmt":"2025-12-15T19:38:00","guid":{"rendered":"https:\/\/beewebs.com\/59f668ca-9b2e-4641-851b-e3a05cbc4547\/"},"modified":"2025-12-15T19:38:41","modified_gmt":"2025-12-15T19:38:41","slug":"59f668ca-9b2e-4641-851b-e3a05cbc4547","status":"publish","type":"post","link":"https:\/\/beewebs.com\/sv\/59f668ca-9b2e-4641-851b-e3a05cbc4547\/","title":{"rendered":"Senai ES: Qualifica\u00e7\u00e3o Gratuita, Bolsas e Inclus\u00e3o Social no Esp\u00edrito Santo"},"content":{"rendered":"<\/p>\n<\/p>\n<div style=\"background: #ffffff; border-radius: 12px; box-shadow: 0 10px 30px rgba(0, 0, 0, 0.1); width: 100%; max-width: 340px; padding: 25px; transition: transform 0.3s ease-in-out; overflow: visible; display: flex; flex-direction: column; position: relative; border: 1px solid #28a745; margin-top: 70px; margin-bottom: 50px; margin-left: auto; margin-right: auto;\">\n<div style=\"position: absolute; top: -35px; right: 15px; color: #28a745; padding: 5px 10px; border-radius: 6px; font-size: 14px; font-weight: bold; display: flex; align-items: center; z-index: 10;\">Recomendado para voc\u00ea<\/div>\n<div data-namespace-header=\"\" style=\"\">\n<h3 data-namespace-title=\"\" style=\"color: #333; font-size: 20px; font-weight: bold; text-align: left; margin-right: 50px; min-height: 50px; margin-top: 0px;\">Senai ES<\/h3>\n<\/p><\/div>\n<p data-namespace-prompt=\"\" style=\"font-size: 16px; color: #666; margin-bottom: 20px; line-height: 1.5; flex-grow: 1; text-align: left; margin-top: 0px;\">O Senai ES oferece 230 vagas gratuitas em cursos de curta e m\u00e9dia dura\u00e7\u00e3o, com bolsas de aux\u00edlio e foco em inclus\u00e3o social e empregabilidade. Aproveite essa oportunidade!<\/p>\n<p>    <a data-namespace-url=\"\" href=\"https:\/\/beewebs.com\/sv\/redirect\/?https:\/\/findes.com.br\/senai-es-oferece-230-vagas-em-cursos-gratuitos-pelo-programa-autonomia-e-renda-petrobras\/\" style=\"width: 100%; display: inline-block; color: white; text-decoration: none; border-radius: 6px; font-size: 16px; font-weight: bold; text-align: center; transition: transform 0.3s ease, background 0.3s ease; margin-top: auto;\" data-namespace-id=\"5c0d2565-3ba9-4280-a382-ad2a691e2285\"><br \/>\n        <button style=\"width: 100%; height: 55px; background: #e9e9ed; border: 1px solid black; color: black;\">Inscrever-se agora<\/button><br \/>\n    <\/a><br \/>\n    <small style=\"margin-top: 10px; color: #777; font-size: 12px; text-align: center; display: block;\">Voc\u00ea ser\u00e1 redirecionado para outro site<\/small>\n<\/div>\n<p>O Senai ES, em parceria com a Petrobras e outras institui\u00e7\u00f5es, lan\u00e7ou o Programa Autonomia e Renda Petrobras, trazendo 230 vagas gratuitas para cursos de qualifica\u00e7\u00e3o e t\u00e9cnico para moradores do Esp\u00edrito Santo. \u00c9 uma excelente chance de desenvolvimento profissional para quem est\u00e1 em busca de uma oportunidade real de capacita\u00e7\u00e3o. Ao todo, s\u00e3o 11 turmas para cursos presenciais em \u00e1reas como operador de hidrojato, sinaleiro amarrador, desenhista mec\u00e2nico, inspe\u00e7\u00e3o de soldagem, almoxarife, entre outras, al\u00e9m do curso t\u00e9cnico em Planejamento e Controle da Produ\u00e7\u00e3o.<\/p>\n<p>Os cursos, com dura\u00e7\u00e3o vari\u00e1vel de 4 a 18 meses dependendo da especializa\u00e7\u00e3o, visam aumentar a empregabilidade de pessoas em situa\u00e7\u00e3o de vulnerabilidade social. Entre os requisitos est\u00e3o a idade m\u00ednima de 18 anos, escolaridade compat\u00edvel e residir em \u00e1reas de atua\u00e7\u00e3o da Petrobras.<\/p>\n<h2>Como se inscrever: Passo a passo simplificado<\/h2>\n<p>O cadastro pode ser feito online no pr\u00f3prio site ou presencialmente na unidade do Senai em Serra. \u00c9 necess\u00e1rio apresentar documenta\u00e7\u00e3o, atender aos requisitos e aguardar o sorteio eletr\u00f4nico para sele\u00e7\u00e3o dos participantes. As inscri\u00e7\u00f5es v\u00e3o at\u00e9 o dia 23 de dezembro de 2024.<\/p>\n<h2>Pr\u00f3s: Benef\u00edcios para os participantes<\/h2>\n<p>Um dos grandes diferenciais do Programa \u00e9 a concess\u00e3o de bolsas-aux\u00edlio, que v\u00e3o de R$ 660 a R$ 858 mensais, especialmente para mulheres com filhos pequenos. O foco em inclus\u00e3o social \u00e9 outro destaque, priorizando grupos minorizados e ampliando a diversidade no mercado de trabalho.<\/p>\n<h2>Contras: Poss\u00edveis limita\u00e7\u00f5es a considerar<\/h2>\n<p>Apesar dos muitos benef\u00edcios, a oferta de vagas \u00e9 limitada e restrita a determinadas \u00e1reas geogr\u00e1ficas. O processo de sele\u00e7\u00e3o \u00e9 feito por sorteio, o que pode n\u00e3o agradar quem prefere sele\u00e7\u00e3o por an\u00e1lise curricular.<\/p>\n<h2>Veredito final<\/h2>\n<p>O Senai ES, com o apoio da Petrobras, oferece uma iniciativa s\u00f3lida, transparente e inclusiva para quem busca qualifica\u00e7\u00e3o gratuita e real aumento das chances de empregabilidade. Para quem atende aos requisitos, \u00e9 uma excelente decis\u00e3o se inscrever e iniciar uma trajet\u00f3ria de mudan\u00e7a profissional.<\/p>\n<div style=\"background: #ffffff; border-radius: 12px; box-shadow: 0 10px 30px rgba(0, 0, 0, 0.1); width: 100%; max-width: 340px; padding: 25px; transition: transform 0.3s ease-in-out; overflow: visible; display: flex; flex-direction: column; position: relative; border: 1px solid #28a745; margin-top: 70px; margin-bottom: 50px; margin-left: auto; margin-right: auto;\">\n<div style=\"position: absolute; top: -35px; right: 15px; color: #28a745; padding: 5px 10px; border-radius: 6px; font-size: 14px; font-weight: bold; display: flex; align-items: center; z-index: 10;\">Recomendado para voc\u00ea<\/div>\n<div data-namespace-header=\"\" style=\"\">\n<h3 data-namespace-title=\"\" style=\"color: #333; font-size: 20px; font-weight: bold; text-align: left; margin-right: 50px; min-height: 50px; margin-top: 0px;\">Senai ES<\/h3>\n<\/p><\/div>\n<p data-namespace-prompt=\"\" style=\"font-size: 16px; color: #666; margin-bottom: 20px; line-height: 1.5; flex-grow: 1; text-align: left; margin-top: 0px;\">O Senai ES oferece 230 vagas gratuitas em cursos de curta e m\u00e9dia dura\u00e7\u00e3o, com bolsas de aux\u00edlio e foco em inclus\u00e3o social e empregabilidade. Aproveite essa oportunidade!<\/p>\n<p>    <a data-namespace-url=\"\" href=\"https:\/\/beewebs.com\/sv\/redirect\/?https:\/\/findes.com.br\/senai-es-oferece-230-vagas-em-cursos-gratuitos-pelo-programa-autonomia-e-renda-petrobras\/\" style=\"width: 100%; display: inline-block; color: white; text-decoration: none; border-radius: 6px; font-size: 16px; font-weight: bold; text-align: center; transition: transform 0.3s ease, background 0.3s ease; margin-top: auto;\" data-namespace-id=\"5c0d2565-3ba9-4280-a382-ad2a691e2285\"><br \/>\n        <button style=\"width: 100%; height: 55px; background: #e9e9ed; border: 1px solid black; color: black;\">Inscrever-se agora<\/button><br \/>\n    <\/a><br \/>\n    <small style=\"margin-top: 10px; color: #777; font-size: 12px; text-align: center; display: block;\">Voc\u00ea ser\u00e1 redirecionado para outro site<\/small>\n<\/div>","protected":false},"excerpt":{"rendered":"<p>Saiba tudo sobre as 230 vagas gratuitas do Senai ES com bolsas mensais e foco total em inclus\u00e3o social e empregabilidade. Inscri\u00e7\u00f5es abertas at\u00e9 23\/12. Confira os detalhes e garanta seu lugar!<\/p>","protected":false},"author":93,"featured_media":0,"comment_status":"open","ping_status":"open","sticky":false,"template":"","format":"standard","meta":{"_uag_custom_page_level_css":"","site-sidebar-layout":"default","site-content-layout":"","ast-site-content-layout":"","site-content-style":"default","site-sidebar-style":"default","ast-global-header-display":"","ast-banner-title-visibility":"","ast-main-header-display":"","ast-hfb-above-header-display":"","ast-hfb-below-header-display":"","ast-hfb-mobile-header-display":"","site-post-title":"","ast-breadcrumbs-content":"","ast-featured-img":"","footer-sml-layout":"","theme-transparent-header-meta":"","adv-header-id-meta":"","stick-header-meta":"","header-above-stick-meta":"","header-main-stick-meta":"","header-below-stick-meta":"","astra-migrate-meta-layouts":"default","ast-page-background-enabled":"default","ast-page-background-meta":{"desktop":{"background-color":"var(--ast-global-color-4)","background-image":"","background-repeat":"repeat","background-position":"center center","background-size":"auto","background-attachment":"scroll","background-type":"","background-media":"","overlay-type":"","overlay-color":"","overlay-opacity":"","overlay-gradient":""},"tablet":{"background-color":"","background-image":"","background-repeat":"repeat","background-position":"center center","background-size":"auto","background-attachment":"scroll","background-type":"","background-media":"","overlay-type":"","overlay-color":"","overlay-opacity":"","overlay-gradient":""},"mobile":{"background-color":"","background-image":"","background-repeat":"repeat","background-position":"center center","background-size":"auto","background-attachment":"scroll","background-type":"","background-media":"","overlay-type":"","overlay-color":"","overlay-opacity":"","overlay-gradient":""}},"ast-content-background-meta":{"desktop":{"background-color":"var(--ast-global-color-5)","background-image":"","background-repeat":"repeat","background-position":"center center","background-size":"auto","background-attachment":"scroll","background-type":"","background-media":"","overlay-type":"","overlay-color":"","overlay-opacity":"","overlay-gradient":""},"tablet":{"background-color":"var(--ast-global-color-5)","background-image":"","background-repeat":"repeat","background-position":"center center","background-size":"auto","background-attachment":"scroll","background-type":"","background-media":"","overlay-type":"","overlay-color":"","overlay-opacity":"","overlay-gradient":""},"mobile":{"background-color":"var(--ast-global-color-5)","background-image":"","background-repeat":"repeat","background-position":"center center","background-size":"auto","background-attachment":"scroll","background-type":"","background-media":"","overlay-type":"","overlay-color":"","overlay-opacity":"","overlay-gradient":""}},"footnotes":""},"categories":[16],"tags":[],"yoast_head":"<!-- This site is optimized with the Yoast SEO plugin v23.3 - https:\/\/yoast.com\/wordpress\/plugins\/seo\/ -->\n<title>Senai ES: Qualifica\u00e7\u00e3o Gratuita, Bolsas e Inclus\u00e3o Social no Esp\u00edrito Santo - BeeWebs<\/title>\n<meta name=\"robots\" content=\"index, follow, max-snippet:-1, max-image-preview:large, max-video-preview:-1\" \/>\n<link rel=\"canonical\" href=\"https:\/\/beewebs.com\/sv\/59f668ca-9b2e-4641-851b-e3a05cbc4547\/\" \/>\n<meta property=\"og:locale\" content=\"sv_SE\" \/>\n<meta property=\"og:type\" content=\"article\" \/>\n<meta property=\"og:title\" content=\"Senai ES: Qualifica\u00e7\u00e3o Gratuita, Bolsas e Inclus\u00e3o Social no Esp\u00edrito Santo - BeeWebs\" \/>\n<meta property=\"og:description\" content=\"Saiba tudo sobre as 230 vagas gratuitas do Senai ES com bolsas mensais e foco total em inclus\u00e3o social e empregabilidade. Inscri\u00e7\u00f5es abertas at\u00e9 23\/12. Confira os detalhes e garanta seu lugar!\" \/>\n<meta property=\"og:url\" content=\"https:\/\/beewebs.com\/sv\/59f668ca-9b2e-4641-851b-e3a05cbc4547\/\" \/>\n<meta property=\"og:site_name\" content=\"BeeWebs\" \/>\n<meta property=\"article:published_time\" content=\"2025-12-15T19:38:00+00:00\" \/>\n<meta property=\"article:modified_time\" content=\"2025-12-15T19:38:41+00:00\" \/>\n<meta name=\"author\" content=\"joaovitorjacintho1998\" \/>\n<meta name=\"twitter:card\" content=\"summary_large_image\" \/>\n<meta name=\"twitter:label1\" content=\"Written by\" \/>\n\t<meta name=\"twitter:data1\" content=\"joaovitorjacintho1998\" \/>\n\t<meta name=\"twitter:label2\" content=\"Est. reading time\" \/>\n\t<meta name=\"twitter:data2\" content=\"2 minuter\" \/>\n<script type=\"application\/ld+json\" class=\"yoast-schema-graph\">{\"@context\":\"https:\/\/schema.org\",\"@graph\":[{\"@type\":\"Article\",\"@id\":\"https:\/\/beewebs.com\/59f668ca-9b2e-4641-851b-e3a05cbc4547\/#article\",\"isPartOf\":{\"@id\":\"https:\/\/beewebs.com\/59f668ca-9b2e-4641-851b-e3a05cbc4547\/\"},\"author\":{\"name\":\"joaovitorjacintho1998\",\"@id\":\"https:\/\/beewebs.com\/#\/schema\/person\/b0b94dcbe2f5caf90bfdf59817c675ed\"},\"headline\":\"Senai ES: Qualifica\u00e7\u00e3o Gratuita, Bolsas e Inclus\u00e3o Social no Esp\u00edrito Santo\",\"datePublished\":\"2025-12-15T19:38:00+00:00\",\"dateModified\":\"2025-12-15T19:38:41+00:00\",\"mainEntityOfPage\":{\"@id\":\"https:\/\/beewebs.com\/59f668ca-9b2e-4641-851b-e3a05cbc4547\/\"},\"wordCount\":449,\"commentCount\":0,\"publisher\":{\"@id\":\"https:\/\/beewebs.com\/#organization\"},\"articleSection\":[\"Hidden\"],\"inLanguage\":\"sv-SE\",\"potentialAction\":[{\"@type\":\"CommentAction\",\"name\":\"Comment\",\"target\":[\"https:\/\/beewebs.com\/59f668ca-9b2e-4641-851b-e3a05cbc4547\/#respond\"]}]},{\"@type\":\"WebPage\",\"@id\":\"https:\/\/beewebs.com\/59f668ca-9b2e-4641-851b-e3a05cbc4547\/\",\"url\":\"https:\/\/beewebs.com\/59f668ca-9b2e-4641-851b-e3a05cbc4547\/\",\"name\":\"Senai ES: Qualifica\u00e7\u00e3o Gratuita, Bolsas e Inclus\u00e3o Social no Esp\u00edrito Santo - BeeWebs\",\"isPartOf\":{\"@id\":\"https:\/\/beewebs.com\/#website\"},\"datePublished\":\"2025-12-15T19:38:00+00:00\",\"dateModified\":\"2025-12-15T19:38:41+00:00\",\"breadcrumb\":{\"@id\":\"https:\/\/beewebs.com\/59f668ca-9b2e-4641-851b-e3a05cbc4547\/#breadcrumb\"},\"inLanguage\":\"sv-SE\",\"potentialAction\":[{\"@type\":\"ReadAction\",\"target\":[\"https:\/\/beewebs.com\/59f668ca-9b2e-4641-851b-e3a05cbc4547\/\"]}]},{\"@type\":\"BreadcrumbList\",\"@id\":\"https:\/\/beewebs.com\/59f668ca-9b2e-4641-851b-e3a05cbc4547\/#breadcrumb\",\"itemListElement\":[{\"@type\":\"ListItem\",\"position\":1,\"name\":\"Home\",\"item\":\"https:\/\/beewebs.com\/\"},{\"@type\":\"ListItem\",\"position\":2,\"name\":\"Senai ES: Qualifica\u00e7\u00e3o Gratuita, Bolsas e Inclus\u00e3o Social no Esp\u00edrito Santo\"}]},{\"@type\":\"WebSite\",\"@id\":\"https:\/\/beewebs.com\/#website\",\"url\":\"https:\/\/beewebs.com\/\",\"name\":\"BeeWebs\",\"description\":\"\",\"publisher\":{\"@id\":\"https:\/\/beewebs.com\/#organization\"},\"potentialAction\":[{\"@type\":\"SearchAction\",\"target\":{\"@type\":\"EntryPoint\",\"urlTemplate\":\"https:\/\/beewebs.com\/?s={search_term_string}\"},\"query-input\":\"required name=search_term_string\"}],\"inLanguage\":\"sv-SE\"},{\"@type\":\"Organization\",\"@id\":\"https:\/\/beewebs.com\/#organization\",\"name\":\"BeeWebs\",\"url\":\"https:\/\/beewebs.com\/\",\"logo\":{\"@type\":\"ImageObject\",\"inLanguage\":\"sv-SE\",\"@id\":\"https:\/\/beewebs.com\/#\/schema\/logo\/image\/\",\"url\":\"https:\/\/beewebs.com\/wp-content\/uploads\/sites\/130\/2025\/06\/BeeWebs-news.png\",\"contentUrl\":\"https:\/\/beewebs.com\/wp-content\/uploads\/sites\/130\/2025\/06\/BeeWebs-news.png\",\"width\":180,\"height\":60,\"caption\":\"BeeWebs\"},\"image\":{\"@id\":\"https:\/\/beewebs.com\/#\/schema\/logo\/image\/\"}},{\"@type\":\"Person\",\"@id\":\"https:\/\/beewebs.com\/#\/schema\/person\/b0b94dcbe2f5caf90bfdf59817c675ed\",\"name\":\"joaovitorjacintho1998\",\"image\":{\"@type\":\"ImageObject\",\"inLanguage\":\"sv-SE\",\"@id\":\"https:\/\/beewebs.com\/#\/schema\/person\/image\/\",\"url\":\"https:\/\/secure.gravatar.com\/avatar\/2843227ca03ccf8cc7ccca45204c127e?s=96&d=mm&r=g\",\"contentUrl\":\"https:\/\/secure.gravatar.com\/avatar\/2843227ca03ccf8cc7ccca45204c127e?s=96&d=mm&r=g\",\"caption\":\"joaovitorjacintho1998\"},\"url\":\"https:\/\/beewebs.com\/sv\/author\/joaovitorjacintho1998\/\"}]}<\/script>\n<!-- \/ Yoast SEO plugin. -->","yoast_head_json":{"title":"Senai ES: Qualifica\u00e7\u00e3o Gratuita, Bolsas e Inclus\u00e3o Social no Esp\u00edrito Santo - BeeWebs","robots":{"index":"index","follow":"follow","max-snippet":"max-snippet:-1","max-image-preview":"max-image-preview:large","max-video-preview":"max-video-preview:-1"},"canonical":"https:\/\/beewebs.com\/sv\/59f668ca-9b2e-4641-851b-e3a05cbc4547\/","og_locale":"sv_SE","og_type":"article","og_title":"Senai ES: Qualifica\u00e7\u00e3o Gratuita, Bolsas e Inclus\u00e3o Social no Esp\u00edrito Santo - BeeWebs","og_description":"Saiba tudo sobre as 230 vagas gratuitas do Senai ES com bolsas mensais e foco total em inclus\u00e3o social e empregabilidade. Inscri\u00e7\u00f5es abertas at\u00e9 23\/12. Confira os detalhes e garanta seu lugar!","og_url":"https:\/\/beewebs.com\/sv\/59f668ca-9b2e-4641-851b-e3a05cbc4547\/","og_site_name":"BeeWebs","article_published_time":"2025-12-15T19:38:00+00:00","article_modified_time":"2025-12-15T19:38:41+00:00","author":"joaovitorjacintho1998","twitter_card":"summary_large_image","twitter_misc":{"Written by":"joaovitorjacintho1998","Est. reading time":"2 minuter"},"schema":{"@context":"https:\/\/schema.org","@graph":[{"@type":"Article","@id":"https:\/\/beewebs.com\/59f668ca-9b2e-4641-851b-e3a05cbc4547\/#article","isPartOf":{"@id":"https:\/\/beewebs.com\/59f668ca-9b2e-4641-851b-e3a05cbc4547\/"},"author":{"name":"joaovitorjacintho1998","@id":"https:\/\/beewebs.com\/#\/schema\/person\/b0b94dcbe2f5caf90bfdf59817c675ed"},"headline":"Senai ES: Qualifica\u00e7\u00e3o Gratuita, Bolsas e Inclus\u00e3o Social no Esp\u00edrito Santo","datePublished":"2025-12-15T19:38:00+00:00","dateModified":"2025-12-15T19:38:41+00:00","mainEntityOfPage":{"@id":"https:\/\/beewebs.com\/59f668ca-9b2e-4641-851b-e3a05cbc4547\/"},"wordCount":449,"commentCount":0,"publisher":{"@id":"https:\/\/beewebs.com\/#organization"},"articleSection":["Hidden"],"inLanguage":"sv-SE","potentialAction":[{"@type":"CommentAction","name":"Comment","target":["https:\/\/beewebs.com\/59f668ca-9b2e-4641-851b-e3a05cbc4547\/#respond"]}]},{"@type":"WebPage","@id":"https:\/\/beewebs.com\/59f668ca-9b2e-4641-851b-e3a05cbc4547\/","url":"https:\/\/beewebs.com\/59f668ca-9b2e-4641-851b-e3a05cbc4547\/","name":"Senai ES: Qualifica\u00e7\u00e3o Gratuita, Bolsas e Inclus\u00e3o Social no Esp\u00edrito Santo - BeeWebs","isPartOf":{"@id":"https:\/\/beewebs.com\/#website"},"datePublished":"2025-12-15T19:38:00+00:00","dateModified":"2025-12-15T19:38:41+00:00","breadcrumb":{"@id":"https:\/\/beewebs.com\/59f668ca-9b2e-4641-851b-e3a05cbc4547\/#breadcrumb"},"inLanguage":"sv-SE","potentialAction":[{"@type":"ReadAction","target":["https:\/\/beewebs.com\/59f668ca-9b2e-4641-851b-e3a05cbc4547\/"]}]},{"@type":"BreadcrumbList","@id":"https:\/\/beewebs.com\/59f668ca-9b2e-4641-851b-e3a05cbc4547\/#breadcrumb","itemListElement":[{"@type":"ListItem","position":1,"name":"Home","item":"https:\/\/beewebs.com\/"},{"@type":"ListItem","position":2,"name":"Senai ES: Qualifica\u00e7\u00e3o Gratuita, Bolsas e Inclus\u00e3o Social no Esp\u00edrito Santo"}]},{"@type":"WebSite","@id":"https:\/\/beewebs.com\/#website","url":"https:\/\/beewebs.com\/","name":"BeeWebs","description":"","publisher":{"@id":"https:\/\/beewebs.com\/#organization"},"potentialAction":[{"@type":"SearchAction","target":{"@type":"EntryPoint","urlTemplate":"https:\/\/beewebs.com\/?s={search_term_string}"},"query-input":"required name=search_term_string"}],"inLanguage":"sv-SE"},{"@type":"Organization","@id":"https:\/\/beewebs.com\/#organization","name":"BeeWebs","url":"https:\/\/beewebs.com\/","logo":{"@type":"ImageObject","inLanguage":"sv-SE","@id":"https:\/\/beewebs.com\/#\/schema\/logo\/image\/","url":"https:\/\/beewebs.com\/wp-content\/uploads\/sites\/130\/2025\/06\/BeeWebs-news.png","contentUrl":"https:\/\/beewebs.com\/wp-content\/uploads\/sites\/130\/2025\/06\/BeeWebs-news.png","width":180,"height":60,"caption":"BeeWebs"},"image":{"@id":"https:\/\/beewebs.com\/#\/schema\/logo\/image\/"}},{"@type":"Person","@id":"https:\/\/beewebs.com\/#\/schema\/person\/b0b94dcbe2f5caf90bfdf59817c675ed","name":"joaovitorjacintho1998","image":{"@type":"ImageObject","inLanguage":"sv-SE","@id":"https:\/\/beewebs.com\/#\/schema\/person\/image\/","url":"https:\/\/secure.gravatar.com\/avatar\/2843227ca03ccf8cc7ccca45204c127e?s=96&d=mm&r=g","contentUrl":"https:\/\/secure.gravatar.com\/avatar\/2843227ca03ccf8cc7ccca45204c127e?s=96&d=mm&r=g","caption":"joaovitorjacintho1998"},"url":"https:\/\/beewebs.com\/sv\/author\/joaovitorjacintho1998\/"}]}},"uagb_featured_image_src":{"full":false,"thumbnail":false,"medium":false,"medium_large":false,"large":false,"1536x1536":false,"2048x2048":false,"trp-custom-language-flag":false},"uagb_author_info":{"display_name":"joaovitorjacintho1998","author_link":"https:\/\/beewebs.com\/sv\/author\/joaovitorjacintho1998\/"},"uagb_comment_info":0,"uagb_excerpt":"Saiba tudo sobre as 230 vagas gratuitas do Senai ES com bolsas mensais e foco total em inclus\u00e3o social e empregabilidade. Inscri\u00e7\u00f5es abertas at\u00e9 23\/12. Confira os detalhes e garanta seu lugar!","_links":{"self":[{"href":"https:\/\/beewebs.com\/sv\/wp-json\/wp\/v2\/posts\/5334"}],"collection":[{"href":"https:\/\/beewebs.com\/sv\/wp-json\/wp\/v2\/posts"}],"about":[{"href":"https:\/\/beewebs.com\/sv\/wp-json\/wp\/v2\/types\/post"}],"author":[{"embeddable":true,"href":"https:\/\/beewebs.com\/sv\/wp-json\/wp\/v2\/users\/93"}],"replies":[{"embeddable":true,"href":"https:\/\/beewebs.com\/sv\/wp-json\/wp\/v2\/comments?post=5334"}],"version-history":[{"count":1,"href":"https:\/\/beewebs.com\/sv\/wp-json\/wp\/v2\/posts\/5334\/revisions"}],"predecessor-version":[{"id":5346,"href":"https:\/\/beewebs.com\/sv\/wp-json\/wp\/v2\/posts\/5334\/revisions\/5346"}],"wp:attachment":[{"href":"https:\/\/beewebs.com\/sv\/wp-json\/wp\/v2\/media?parent=5334"}],"wp:term":[{"taxonomy":"category","embeddable":true,"href":"https:\/\/beewebs.com\/sv\/wp-json\/wp\/v2\/categories?post=5334"},{"taxonomy":"post_tag","embeddable":true,"href":"https:\/\/beewebs.com\/sv\/wp-json\/wp\/v2\/tags?post=5334"}],"curies":[{"name":"wp","href":"https:\/\/api.w.org\/{rel}","templated":true}]}}