{"id":3744,"date":"2025-09-09T12:29:05","date_gmt":"2025-09-09T12:29:05","guid":{"rendered":"https:\/\/beewebs.com\/?p=3744"},"modified":"2025-09-10T15:36:31","modified_gmt":"2025-09-10T15:36:31","slug":"cursos-en-linea-del-ina-capacitate-desde-casa-con-certificado-incluido","status":"publish","type":"post","link":"https:\/\/beewebs.com\/ro\/cursos-en-linea-del-ina-capacitate-desde-casa-con-certificado-incluido\/","title":{"rendered":"Cursos en l\u00ednea del INA: capac\u00edtate desde casa con certificado incluido"},"content":{"rendered":"<p><strong>Actualmente<\/strong>, contar con opciones formativas que sean <strong>gratuitas<\/strong>, accesibles y con <strong>certificado incluido<\/strong> resulta cada vez m\u00e1s relevante, porque muchas personas buscan mejorar su <a href=\"https:\/\/www.ina.ac.cr\/SitePages\/Inicio.aspx\">perfil profesional<\/a> sin sacrificar tiempo o gastos.<\/p>\n\n\n\n<p><strong>Finalmente<\/strong>, encontrar una plataforma confiable, que ofrezca diversificaci\u00f3n tem\u00e1tica y respaldo institucional, confirma la solidez de la propuesta.<\/p>\n\n\n<div class=\"wp-block-lazyblock-credit-card lazyblock-credit-card-XRF2M\"><section align=\"center\" class=\"credit-card mx-5 sm:mx-0 text-gray-600 body-font  my-10 border-gray-200 border-b border-l border-r sm:border-0\">\n  <div class=\"h-1 bg-gray-200 rounded overflow-hidden\">\n    <div class=\"w-24 h-full\"><\/div>\n  <\/div>\n  <div class=\"container px-5 sm:px-0 py-6 mx-auto\" data-anchor-target=\"lazyBlock\">\n    <div class=\"flex flex-wrap mx-auto\">\n      <a class=\"lg:w-2\/5 w-full lg:pl-6 mt-6 lg:mt-0\" href=\"https:\/\/beharv.com\/courses\" data-analytics-label=\"creditCardImage\" data-action=\"analytics#trackCTA\" >\n        <img decoding=\"async\" class=\"w-full h-64 object-cover object-center rounded\" loading=\"lazy\" alt=\"card\" style=\"height: 190px;\" src=\"https:\/\/beewebs.com\/wp-content\/uploads\/sites\/130\/2025\/09\/card-1.jpg\">\n      <\/a>\n      <div class=\"lg:w-3\/5 w-full lg:pl-6 mt-6 lg:mt-0\">\n        <h2 class=\"text-sm title-font text-gray-500 tracking-widest uppercase\">\n          CURSOS        <\/h2>\n        <h1 class=\"text-gray-900 text-3xl title-font font-medium mb-1\">\n          Cursos en l\u00ednea        <\/h1>\n        <div class=\"flex mb-4 justify-center\">\n          \n                      <span class=\"border inline-block py-1 px-2 rounded text-xs font-medium tracking-widest uppercase mr-2\">\n              Order Online            <\/span>\n                    \n        <\/div>\n        <p class=\"leading-relaxed\">\n          Capacitaci\u00f3n accesible y gratuita para tu crecimiento profesional        <\/p>\n        <div class=\"flex mt-6 items-center pb-5 border-b-2 border-gray-100 mb-5\">\n          \n        <\/div>\n        <div class=\"flex\">\n          <a data-km2-rewarded=\"true\" style=\"font-size: 13px;\" class=\"hidden animate-fade-in flex m-auto sm:mr-0 sm:ml-auto\" href=\"https:\/\/beharv.com\/courses\" data-analytics-label=\"creditCardButton\" data-action=\"analytics#trackCTA\"  >\n            <button class=\"uppercase flex m-auto sm:mr-0 sm:ml-auto border-0 py-2 px-4 focus:outline-none rounded disabled:opacity-50\">\n              VER SITIO DE CURSOS            <\/button>\n          <\/a>\n          <a data-km2-rewarded=\"false\" style=\"font-size: 15px;\" class=\"flex m-auto sm:mr-0 sm:ml-auto\" href=\"https:\/\/beharv.com\/courses\" data-analytics-label=\"creditCardButton\" data-action=\"analytics#trackCTA\"  >\n            <button id=\"offer-first\" class=\"flex m-auto sm:mr-0 sm:ml-auto border-0 py-2 px-6 focus:outline-none rounded disabled:opacity-50\">\n              VER SITIO DE CURSOS            <\/button>\n          <\/a>\n        <\/div>\n        <p class=\"text-xs text-gray-500 mt-3 text-center sm:text-right\">\n          You will be redirected to another website        <\/p>\n      <\/div>\n    <\/div>\n  <\/div>\n<\/section><\/div>\n\n\n<h2 class=\"wp-block-heading\">1. Manipulaci\u00f3n de im\u00e1genes con ilustrador<\/h2>\n\n\n\n<p>Este curso ofrece fundamentos s\u00f3lidos para trabajar con herramientas de edici\u00f3n gr\u00e1fica, facilitando la creaci\u00f3n de contenidos visuales atractivos que, por lo tanto, mejoran el portafolio profesional. Adem\u00e1s, fortalece la capacidad de transformar ideas en gr\u00e1ficos precisos, lo que naturalmente aumenta la competitividad en \u00e1reas creativas.<\/p>\n\n\n\n<p>Adem\u00e1s, ense\u00f1a t\u00e9cnicas pr\u00e1cticas para controlar colores, formas y estilos que, por consiguiente, elevan la calidad de los dise\u00f1os, y probablemente ampl\u00edan oportunidades laborales. Por ello, quienes lo completan fortalecen habilidades visuales \u00fatiles en sectores de marketing, dise\u00f1o y comunicaci\u00f3n.<\/p>\n\n\n\n<h2 class=\"wp-block-heading\">2. Anatom\u00eda y fisiolog\u00eda aplicada a la est\u00e9tica<\/h2>\n\n\n\n<p>Este curso presenta conocimientos especializados del cuerpo humano y su funcionamiento, lo que contribuye a ofrecer servicios est\u00e9ticos m\u00e1s seguros y fundamentados, y naturalmente fortalece la confianza profesional. Por lo tanto, quienes lo cursan desarrollan una base t\u00e9cnica que respalda sus intervenciones est\u00e9ticas.<\/p>\n\n\n\n<p>Adem\u00e1s, proporciona entendimiento integral de estructuras y procesos fisiol\u00f3gicos, lo cual, por consiguiente, mejora la pr\u00e1ctica diaria y reduce riesgos, mientras promueve un enfoque \u00e9tico y cuidadoso. Eventualmente, este aprendizaje puede elevar la calidad de atenci\u00f3n y el reconocimiento en el \u00e1mbito est\u00e9tico.<\/p>\n\n\n\n<h2 class=\"wp-block-heading\">3. Normas de inocuidad para industria alimentaria<\/h2>\n\n\n\n<figure class=\"wp-block-image aligncenter size-full\"><img loading=\"lazy\" decoding=\"async\" width=\"400\" height=\"400\" src=\"https:\/\/beewebs.com\/wp-content\/uploads\/sites\/130\/2025\/09\/3-1.jpg\" alt=\"\" class=\"wp-image-3746\" srcset=\"https:\/\/beewebs.com\/wp-content\/uploads\/sites\/130\/2025\/09\/3-1.jpg 400w, https:\/\/beewebs.com\/wp-content\/uploads\/sites\/130\/2025\/09\/3-1-300x300.jpg 300w, https:\/\/beewebs.com\/wp-content\/uploads\/sites\/130\/2025\/09\/3-1-150x150.jpg 150w, https:\/\/beewebs.com\/wp-content\/uploads\/sites\/130\/2025\/09\/3-1-12x12.jpg 12w\" sizes=\"(max-width: 400px) 100vw, 400px\" \/><figcaption class=\"wp-element-caption\">Fuente: Freepik<\/figcaption><\/figure>\n\n\n\n<p>Este curso aborda reglamentos clave sobre higiene y seguridad en procesos alimentarios, lo que asegura pr\u00e1cticas responsables porque reduce riesgos sanitarios. Por tanto, quienes participan logran comprender exigencias normativas que, naturalmente, protegen la salud p\u00fablica.<\/p>\n\n\n\n<p>Adem\u00e1s, ofrece criterios t\u00e9cnicos aplicables a entornos productivos, lo que promueve la calidad constante y fortalece la confianza de clientes y autoridades. Con ello, quienes completan la formaci\u00f3n posicionan sus competencias dentro de est\u00e1ndares reconocidos de inocuidad.<\/p>\n\n\n\n<h2 class=\"wp-block-heading\">4. Administraci\u00f3n agropecuaria<\/h2>\n\n\n\n<figure class=\"wp-block-image aligncenter size-full\"><img loading=\"lazy\" decoding=\"async\" width=\"400\" height=\"400\" src=\"https:\/\/beewebs.com\/wp-content\/uploads\/sites\/130\/2025\/09\/4-1.jpg\" alt=\"INA\" class=\"wp-image-3747\" srcset=\"https:\/\/beewebs.com\/wp-content\/uploads\/sites\/130\/2025\/09\/4-1.jpg 400w, https:\/\/beewebs.com\/wp-content\/uploads\/sites\/130\/2025\/09\/4-1-300x300.jpg 300w, https:\/\/beewebs.com\/wp-content\/uploads\/sites\/130\/2025\/09\/4-1-150x150.jpg 150w, https:\/\/beewebs.com\/wp-content\/uploads\/sites\/130\/2025\/09\/4-1-12x12.jpg 12w\" sizes=\"(max-width: 400px) 100vw, 400px\" \/><figcaption class=\"wp-element-caption\">Fuente: Freepik<\/figcaption><\/figure>\n\n\n\n<p>Este curso brinda herramientas para gestionar eficientemente recursos, cultivos o actividades rurales, lo que permite optimizar procesos productivos y, por ende, mejorar rendimientos. Adem\u00e1s, fortalece capacidades organizativas y financieras que, naturalmente, benefician tanto a peque\u00f1as unidades como a emprendimientos m\u00e1s grandes.<\/p>\n\n\n\n<p>Asimismo, facilita la aplicaci\u00f3n de m\u00e9todos modernos para supervisar actividades del campo, lo que, por consiguiente, impulsa pr\u00e1cticas sostenibles y eficientes. Eventualmente, esto apoya el desarrollo rural y ampl\u00eda oportunidades de negocio con base t\u00e9cnica.<\/p>\n\n\n\n<h2 class=\"wp-block-heading\">5. Alimentaci\u00f3n saludable en la ni\u00f1ez<\/h2>\n\n\n\n<figure class=\"wp-block-image aligncenter size-full\"><img loading=\"lazy\" decoding=\"async\" width=\"400\" height=\"400\" src=\"https:\/\/beewebs.com\/wp-content\/uploads\/sites\/130\/2025\/09\/5-1.jpg\" alt=\"INA\" class=\"wp-image-3748\" srcset=\"https:\/\/beewebs.com\/wp-content\/uploads\/sites\/130\/2025\/09\/5-1.jpg 400w, https:\/\/beewebs.com\/wp-content\/uploads\/sites\/130\/2025\/09\/5-1-300x300.jpg 300w, https:\/\/beewebs.com\/wp-content\/uploads\/sites\/130\/2025\/09\/5-1-150x150.jpg 150w, https:\/\/beewebs.com\/wp-content\/uploads\/sites\/130\/2025\/09\/5-1-12x12.jpg 12w\" sizes=\"(max-width: 400px) 100vw, 400px\" \/><figcaption class=\"wp-element-caption\">Fuente: Freepik<\/figcaption><\/figure>\n\n\n\n<p>Este curso promueve conocimientos esenciales sobre nutrici\u00f3n infantil, lo que contribuye a mejorar h\u00e1bitos desde etapas tempranas porque orienta elecciones m\u00e1s conscientes. Por lo tanto, quienes lo toman adquieren recursos valiosos para intervenir positivamente en entornos familiares o escolares.<\/p>\n\n\n\n<p>Adem\u00e1s, incorpora fundamentos biol\u00f3gicos y psicosociales que, naturalmente, refuerzan la comprensi\u00f3n del impacto de la alimentaci\u00f3n en el desarrollo. Con ello, se fomenta una pr\u00e1ctica responsable y basada en evidencia, que eventualmente mejora el bienestar infantil.<\/p>\n\n\n\n<h2 class=\"wp-block-heading\">Modalidad virtual, acceso y certificaci\u00f3n en el INA<\/h2>\n\n\n\n<p>Actualmente, la plataforma del INA ofrece todos estos cursos en modalidad 100\u202f% en l\u00ednea, lo que facilita el acceso desde cualquier parte del pa\u00eds, y por consiguiente ampl\u00eda la cobertura educativa. Adem\u00e1s, esta flexibilidad permite adaptarse a distintos horarios, lo que naturalmente se alinea con las realidades laborales de muchas personas.<\/p>\n\n\n\n<p>Por otra parte, la inscripci\u00f3n se realiza mediante el sitio oficial, lo que simplifica el proceso administrativo y, por tanto, reduce obst\u00e1culos burocr\u00e1ticos. Adem\u00e1s, el sistema digital garantiza el seguimiento del alumno y el progreso individual, lo que mejora la experiencia formativa.<\/p>\n\n\n\n<p>Asimismo, al completar un curso, el INA entrega un certificado digital, lo cual aporta respaldo oficial y mejora la presentaci\u00f3n profesional. Finalmente, dicho documento puede compartirse f\u00e1cilmente y funciona como comprobante v\u00e1lido de adquisici\u00f3n de competencias ante empleadores o instituciones.<\/p>\n\n\n\n<h2 class=\"wp-block-heading\">Importancia institucional y calidad del INA<\/h2>\n\n\n\n<p>El <a href=\"https:\/\/www.ina.ac.cr\/SitePages\/Inicio.aspx\">Instituto Nacional de Aprendizaje<\/a> constituye una entidad estatal consolidada en Costa Rica, responsable de la formaci\u00f3n t\u00e9cnica profesional, lo que naturalmente genera credibilidad y confianza en sus programas. Por lo tanto, la calidad educativa que ofrece se sustenta en una trayectoria institucional reconocida.<\/p>\n\n\n\n<p>Asimismo, su respaldo permite que quienes participan accedan a formaci\u00f3n actualizada y contextualizada, lo que reduce la brecha entre contenidos y demanda laboral. Adem\u00e1s, esta alineaci\u00f3n fortalece la pertinencia de los cursos, lo que impulsa su utilidad en el entorno productivo.<\/p>\n\n\n\n<p>Adem\u00e1s, el INA opera regionalmente, lo que favorece la inclusi\u00f3n educativa, ya que personas de diversas zonas geogr\u00e1ficas pueden acceder a las oportunidades ofrecidas. Eventualmente, esta descentralizaci\u00f3n promueve equidad y expansi\u00f3n del capital humano.<\/p>\n\n\n\n<p>Finalmente, su compromiso con est\u00e1ndares nacionales y colaboraci\u00f3n interinstitucional refuerza la adaptaci\u00f3n de la formaci\u00f3n a necesidades reales, lo que potencia su impacto en el desarrollo profesional.<\/p>\n\n\n\n<h2 class=\"wp-block-heading\">Beneficios adicionales para quienes se capacitan en l\u00ednea<\/h2>\n\n\n\n<p>Actualmente, esta modalidad presenta m\u00faltiples ventajas adicionales:<\/p>\n\n\n\n<ul>\n<li>acceso sin costo que democratiza la formaci\u00f3n<\/li>\n\n\n\n<li>flexibilidad que permite estudiar seg\u00fan tu ritmo<\/li>\n\n\n\n<li>certificaci\u00f3n digital que respalda competencias<\/li>\n\n\n\n<li>variedad tem\u00e1tica que abarca \u00e1reas t\u00e9cnicas, creativas y sociales<\/li>\n\n\n\n<li>respaldo institucional que garantiza seriedad y reconocimiento<\/li>\n\n\n\n<li>cobertura nacional que favorece inclusi\u00f3n y acceso amplio<\/li>\n<\/ul>\n\n\n\n<h2 class=\"wp-block-heading\">\u00bfTe gust\u00f3 conocer m\u00e1s sobre estos cursos en l\u00ednea del INA?<\/h2>\n\n\n\n<p>Actualmente, esta oferta educativa se distingue por ser gratuita, accesible y certificada, lo cual despierta inter\u00e9s real en quienes desean avanzar profesionalmente sin costos elevados. Por consiguiente, esta propuesta se presenta como una herramienta eficaz para consolidar habilidades, independientemente de la ubicaci\u00f3n o el perfil.<\/p>\n\n\n\n<p>Lee m\u00e1s: <a href=\"https:\/\/beewebs.com\/ro\/inscripciones-abiertas-cursos-en-linea-de-la-secap-en-ecuador\/\">Inscripciones abiertas: Cursos en l\u00ednea de la SECAP en Ecuador<\/a><\/p>\n\n\n\n<p>Adem\u00e1s, la combinaci\u00f3n de respaldo institucional, contenidos pr\u00e1cticos y flexibilidad genera una experiencia formativa robusta, lo que impulsa la participaci\u00f3n consciente y motivada. Por lo tanto, este contexto constituye una oportunidad valiosa para quienes buscan crecer personal y profesionalmente desde casa.<\/p>","protected":false},"excerpt":{"rendered":"<p>Actualmente, contar con opciones formativas que sean gratuitas, accesibles y con certificado incluido resulta cada vez m\u00e1s relevante, porque muchas [&hellip;]<\/p>","protected":false},"author":93,"featured_media":3749,"comment_status":"open","ping_status":"open","sticky":false,"template":"","format":"standard","meta":{"_uag_custom_page_level_css":"","site-sidebar-layout":"default","site-content-layout":"","ast-site-content-layout":"default","site-content-style":"default","site-sidebar-style":"default","ast-global-header-display":"","ast-banner-title-visibility":"","ast-main-header-display":"","ast-hfb-above-header-display":"","ast-hfb-below-header-display":"","ast-hfb-mobile-header-display":"","site-post-title":"","ast-breadcrumbs-content":"","ast-featured-img":"","footer-sml-layout":"","theme-transparent-header-meta":"","adv-header-id-meta":"","stick-header-meta":"","header-above-stick-meta":"","header-main-stick-meta":"","header-below-stick-meta":"","astra-migrate-meta-layouts":"set","ast-page-background-enabled":"default","ast-page-background-meta":{"desktop":{"background-color":"var(--ast-global-color-4)","background-image":"","background-repeat":"repeat","background-position":"center center","background-size":"auto","background-attachment":"scroll","background-type":"","background-media":"","overlay-type":"","overlay-color":"","overlay-opacity":"","overlay-gradient":""},"tablet":{"background-color":"","background-image":"","background-repeat":"repeat","background-position":"center center","background-size":"auto","background-attachment":"scroll","background-type":"","background-media":"","overlay-type":"","overlay-color":"","overlay-opacity":"","overlay-gradient":""},"mobile":{"background-color":"","background-image":"","background-repeat":"repeat","background-position":"center center","background-size":"auto","background-attachment":"scroll","background-type":"","background-media":"","overlay-type":"","overlay-color":"","overlay-opacity":"","overlay-gradient":""}},"ast-content-background-meta":{"desktop":{"background-color":"var(--ast-global-color-5)","background-image":"","background-repeat":"repeat","background-position":"center center","background-size":"auto","background-attachment":"scroll","background-type":"","background-media":"","overlay-type":"","overlay-color":"","overlay-opacity":"","overlay-gradient":""},"tablet":{"background-color":"var(--ast-global-color-5)","background-image":"","background-repeat":"repeat","background-position":"center center","background-size":"auto","background-attachment":"scroll","background-type":"","background-media":"","overlay-type":"","overlay-color":"","overlay-opacity":"","overlay-gradient":""},"mobile":{"background-color":"var(--ast-global-color-5)","background-image":"","background-repeat":"repeat","background-position":"center center","background-size":"auto","background-attachment":"scroll","background-type":"","background-media":"","overlay-type":"","overlay-color":"","overlay-opacity":"","overlay-gradient":""}},"footnotes":""},"categories":[1],"tags":[],"yoast_head":"<!-- This site is optimized with the Yoast SEO plugin v23.3 - https:\/\/yoast.com\/wordpress\/plugins\/seo\/ -->\n<title>Cursos en l\u00ednea del INA: capac\u00edtate desde casa<\/title>\n<meta name=\"description\" content=\"Formaci\u00f3n virtual gratuita del INA con certificado digital incluido, acceso flexible desde casa y respaldo estatal.\" \/>\n<meta name=\"robots\" content=\"index, follow, max-snippet:-1, max-image-preview:large, max-video-preview:-1\" \/>\n<link rel=\"canonical\" href=\"https:\/\/beewebs.com\/ro\/cursos-en-linea-del-ina-capacitate-desde-casa-con-certificado-incluido\/\" \/>\n<meta property=\"og:locale\" content=\"ro_RO\" \/>\n<meta property=\"og:type\" content=\"article\" \/>\n<meta property=\"og:title\" content=\"Cursos en l\u00ednea del INA: capac\u00edtate desde casa\" \/>\n<meta property=\"og:description\" content=\"Formaci\u00f3n virtual gratuita del INA con certificado digital incluido, acceso flexible desde casa y respaldo estatal.\" \/>\n<meta property=\"og:url\" content=\"https:\/\/beewebs.com\/ro\/cursos-en-linea-del-ina-capacitate-desde-casa-con-certificado-incluido\/\" \/>\n<meta property=\"og:site_name\" content=\"BeeWebs\" \/>\n<meta property=\"article:published_time\" content=\"2025-09-09T12:29:05+00:00\" \/>\n<meta property=\"article:modified_time\" content=\"2025-09-10T15:36:31+00:00\" \/>\n<meta property=\"og:image\" content=\"https:\/\/beewebs.com\/wp-content\/uploads\/sites\/130\/2025\/09\/capa-1.jpg\" \/>\n\t<meta property=\"og:image:width\" content=\"1200\" \/>\n\t<meta property=\"og:image:height\" content=\"625\" \/>\n\t<meta property=\"og:image:type\" content=\"image\/jpeg\" \/>\n<meta name=\"author\" content=\"joaovitorjacintho1998\" \/>\n<meta name=\"twitter:card\" content=\"summary_large_image\" \/>\n<meta name=\"twitter:label1\" content=\"Written by\" \/>\n\t<meta name=\"twitter:data1\" content=\"joaovitorjacintho1998\" \/>\n\t<meta name=\"twitter:label2\" content=\"Est. reading time\" \/>\n\t<meta name=\"twitter:data2\" content=\"6 minute\" \/>\n<script type=\"application\/ld+json\" class=\"yoast-schema-graph\">{\"@context\":\"https:\/\/schema.org\",\"@graph\":[{\"@type\":\"Article\",\"@id\":\"https:\/\/beewebs.com\/cursos-en-linea-del-ina-capacitate-desde-casa-con-certificado-incluido\/#article\",\"isPartOf\":{\"@id\":\"https:\/\/beewebs.com\/cursos-en-linea-del-ina-capacitate-desde-casa-con-certificado-incluido\/\"},\"author\":{\"name\":\"joaovitorjacintho1998\",\"@id\":\"https:\/\/beewebs.com\/#\/schema\/person\/b0b94dcbe2f5caf90bfdf59817c675ed\"},\"headline\":\"Cursos en l\u00ednea del INA: capac\u00edtate desde casa con certificado incluido\",\"datePublished\":\"2025-09-09T12:29:05+00:00\",\"dateModified\":\"2025-09-10T15:36:31+00:00\",\"mainEntityOfPage\":{\"@id\":\"https:\/\/beewebs.com\/cursos-en-linea-del-ina-capacitate-desde-casa-con-certificado-incluido\/\"},\"wordCount\":1048,\"commentCount\":0,\"publisher\":{\"@id\":\"https:\/\/beewebs.com\/#organization\"},\"image\":{\"@id\":\"https:\/\/beewebs.com\/cursos-en-linea-del-ina-capacitate-desde-casa-con-certificado-incluido\/#primaryimage\"},\"thumbnailUrl\":\"https:\/\/beewebs.com\/wp-content\/uploads\/sites\/130\/2025\/09\/capa-1.jpg\",\"articleSection\":[\"Cursos gratuitos\"],\"inLanguage\":\"ro-RO\",\"potentialAction\":[{\"@type\":\"CommentAction\",\"name\":\"Comment\",\"target\":[\"https:\/\/beewebs.com\/cursos-en-linea-del-ina-capacitate-desde-casa-con-certificado-incluido\/#respond\"]}]},{\"@type\":\"WebPage\",\"@id\":\"https:\/\/beewebs.com\/cursos-en-linea-del-ina-capacitate-desde-casa-con-certificado-incluido\/\",\"url\":\"https:\/\/beewebs.com\/cursos-en-linea-del-ina-capacitate-desde-casa-con-certificado-incluido\/\",\"name\":\"Cursos en l\u00ednea del INA: capac\u00edtate desde casa\",\"isPartOf\":{\"@id\":\"https:\/\/beewebs.com\/#website\"},\"primaryImageOfPage\":{\"@id\":\"https:\/\/beewebs.com\/cursos-en-linea-del-ina-capacitate-desde-casa-con-certificado-incluido\/#primaryimage\"},\"image\":{\"@id\":\"https:\/\/beewebs.com\/cursos-en-linea-del-ina-capacitate-desde-casa-con-certificado-incluido\/#primaryimage\"},\"thumbnailUrl\":\"https:\/\/beewebs.com\/wp-content\/uploads\/sites\/130\/2025\/09\/capa-1.jpg\",\"datePublished\":\"2025-09-09T12:29:05+00:00\",\"dateModified\":\"2025-09-10T15:36:31+00:00\",\"description\":\"Formaci\u00f3n virtual gratuita del INA con certificado digital incluido, acceso flexible desde casa y respaldo estatal.\",\"breadcrumb\":{\"@id\":\"https:\/\/beewebs.com\/cursos-en-linea-del-ina-capacitate-desde-casa-con-certificado-incluido\/#breadcrumb\"},\"inLanguage\":\"ro-RO\",\"potentialAction\":[{\"@type\":\"ReadAction\",\"target\":[\"https:\/\/beewebs.com\/cursos-en-linea-del-ina-capacitate-desde-casa-con-certificado-incluido\/\"]}]},{\"@type\":\"ImageObject\",\"inLanguage\":\"ro-RO\",\"@id\":\"https:\/\/beewebs.com\/cursos-en-linea-del-ina-capacitate-desde-casa-con-certificado-incluido\/#primaryimage\",\"url\":\"https:\/\/beewebs.com\/wp-content\/uploads\/sites\/130\/2025\/09\/capa-1.jpg\",\"contentUrl\":\"https:\/\/beewebs.com\/wp-content\/uploads\/sites\/130\/2025\/09\/capa-1.jpg\",\"width\":1200,\"height\":625},{\"@type\":\"BreadcrumbList\",\"@id\":\"https:\/\/beewebs.com\/cursos-en-linea-del-ina-capacitate-desde-casa-con-certificado-incluido\/#breadcrumb\",\"itemListElement\":[{\"@type\":\"ListItem\",\"position\":1,\"name\":\"Home\",\"item\":\"https:\/\/beewebs.com\/\"},{\"@type\":\"ListItem\",\"position\":2,\"name\":\"Cursos en l\u00ednea del INA: capac\u00edtate desde casa con certificado incluido\"}]},{\"@type\":\"WebSite\",\"@id\":\"https:\/\/beewebs.com\/#website\",\"url\":\"https:\/\/beewebs.com\/\",\"name\":\"BeeWebs\",\"description\":\"\",\"publisher\":{\"@id\":\"https:\/\/beewebs.com\/#organization\"},\"potentialAction\":[{\"@type\":\"SearchAction\",\"target\":{\"@type\":\"EntryPoint\",\"urlTemplate\":\"https:\/\/beewebs.com\/?s={search_term_string}\"},\"query-input\":\"required name=search_term_string\"}],\"inLanguage\":\"ro-RO\"},{\"@type\":\"Organization\",\"@id\":\"https:\/\/beewebs.com\/#organization\",\"name\":\"BeeWebs\",\"url\":\"https:\/\/beewebs.com\/\",\"logo\":{\"@type\":\"ImageObject\",\"inLanguage\":\"ro-RO\",\"@id\":\"https:\/\/beewebs.com\/#\/schema\/logo\/image\/\",\"url\":\"https:\/\/beewebs.com\/wp-content\/uploads\/sites\/130\/2025\/06\/BeeWebs-news.png\",\"contentUrl\":\"https:\/\/beewebs.com\/wp-content\/uploads\/sites\/130\/2025\/06\/BeeWebs-news.png\",\"width\":180,\"height\":60,\"caption\":\"BeeWebs\"},\"image\":{\"@id\":\"https:\/\/beewebs.com\/#\/schema\/logo\/image\/\"}},{\"@type\":\"Person\",\"@id\":\"https:\/\/beewebs.com\/#\/schema\/person\/b0b94dcbe2f5caf90bfdf59817c675ed\",\"name\":\"joaovitorjacintho1998\",\"image\":{\"@type\":\"ImageObject\",\"inLanguage\":\"ro-RO\",\"@id\":\"https:\/\/beewebs.com\/#\/schema\/person\/image\/\",\"url\":\"https:\/\/secure.gravatar.com\/avatar\/2843227ca03ccf8cc7ccca45204c127e?s=96&d=mm&r=g\",\"contentUrl\":\"https:\/\/secure.gravatar.com\/avatar\/2843227ca03ccf8cc7ccca45204c127e?s=96&d=mm&r=g\",\"caption\":\"joaovitorjacintho1998\"},\"url\":\"https:\/\/beewebs.com\/ro\/author\/joaovitorjacintho1998\/\"}]}<\/script>\n<!-- \/ Yoast SEO plugin. -->","yoast_head_json":{"title":"Cursos en l\u00ednea del INA: capac\u00edtate desde casa","description":"Formaci\u00f3n virtual gratuita del INA con certificado digital incluido, acceso flexible desde casa y respaldo estatal.","robots":{"index":"index","follow":"follow","max-snippet":"max-snippet:-1","max-image-preview":"max-image-preview:large","max-video-preview":"max-video-preview:-1"},"canonical":"https:\/\/beewebs.com\/ro\/cursos-en-linea-del-ina-capacitate-desde-casa-con-certificado-incluido\/","og_locale":"ro_RO","og_type":"article","og_title":"Cursos en l\u00ednea del INA: capac\u00edtate desde casa","og_description":"Formaci\u00f3n virtual gratuita del INA con certificado digital incluido, acceso flexible desde casa y respaldo estatal.","og_url":"https:\/\/beewebs.com\/ro\/cursos-en-linea-del-ina-capacitate-desde-casa-con-certificado-incluido\/","og_site_name":"BeeWebs","article_published_time":"2025-09-09T12:29:05+00:00","article_modified_time":"2025-09-10T15:36:31+00:00","og_image":[{"width":1200,"height":625,"url":"https:\/\/beewebs.com\/wp-content\/uploads\/sites\/130\/2025\/09\/capa-1.jpg","type":"image\/jpeg"}],"author":"joaovitorjacintho1998","twitter_card":"summary_large_image","twitter_misc":{"Written by":"joaovitorjacintho1998","Est. reading time":"6 minute"},"schema":{"@context":"https:\/\/schema.org","@graph":[{"@type":"Article","@id":"https:\/\/beewebs.com\/cursos-en-linea-del-ina-capacitate-desde-casa-con-certificado-incluido\/#article","isPartOf":{"@id":"https:\/\/beewebs.com\/cursos-en-linea-del-ina-capacitate-desde-casa-con-certificado-incluido\/"},"author":{"name":"joaovitorjacintho1998","@id":"https:\/\/beewebs.com\/#\/schema\/person\/b0b94dcbe2f5caf90bfdf59817c675ed"},"headline":"Cursos en l\u00ednea del INA: capac\u00edtate desde casa con certificado incluido","datePublished":"2025-09-09T12:29:05+00:00","dateModified":"2025-09-10T15:36:31+00:00","mainEntityOfPage":{"@id":"https:\/\/beewebs.com\/cursos-en-linea-del-ina-capacitate-desde-casa-con-certificado-incluido\/"},"wordCount":1048,"commentCount":0,"publisher":{"@id":"https:\/\/beewebs.com\/#organization"},"image":{"@id":"https:\/\/beewebs.com\/cursos-en-linea-del-ina-capacitate-desde-casa-con-certificado-incluido\/#primaryimage"},"thumbnailUrl":"https:\/\/beewebs.com\/wp-content\/uploads\/sites\/130\/2025\/09\/capa-1.jpg","articleSection":["Cursos gratuitos"],"inLanguage":"ro-RO","potentialAction":[{"@type":"CommentAction","name":"Comment","target":["https:\/\/beewebs.com\/cursos-en-linea-del-ina-capacitate-desde-casa-con-certificado-incluido\/#respond"]}]},{"@type":"WebPage","@id":"https:\/\/beewebs.com\/cursos-en-linea-del-ina-capacitate-desde-casa-con-certificado-incluido\/","url":"https:\/\/beewebs.com\/cursos-en-linea-del-ina-capacitate-desde-casa-con-certificado-incluido\/","name":"Cursos en l\u00ednea del INA: capac\u00edtate desde casa","isPartOf":{"@id":"https:\/\/beewebs.com\/#website"},"primaryImageOfPage":{"@id":"https:\/\/beewebs.com\/cursos-en-linea-del-ina-capacitate-desde-casa-con-certificado-incluido\/#primaryimage"},"image":{"@id":"https:\/\/beewebs.com\/cursos-en-linea-del-ina-capacitate-desde-casa-con-certificado-incluido\/#primaryimage"},"thumbnailUrl":"https:\/\/beewebs.com\/wp-content\/uploads\/sites\/130\/2025\/09\/capa-1.jpg","datePublished":"2025-09-09T12:29:05+00:00","dateModified":"2025-09-10T15:36:31+00:00","description":"Formaci\u00f3n virtual gratuita del INA con certificado digital incluido, acceso flexible desde casa y respaldo estatal.","breadcrumb":{"@id":"https:\/\/beewebs.com\/cursos-en-linea-del-ina-capacitate-desde-casa-con-certificado-incluido\/#breadcrumb"},"inLanguage":"ro-RO","potentialAction":[{"@type":"ReadAction","target":["https:\/\/beewebs.com\/cursos-en-linea-del-ina-capacitate-desde-casa-con-certificado-incluido\/"]}]},{"@type":"ImageObject","inLanguage":"ro-RO","@id":"https:\/\/beewebs.com\/cursos-en-linea-del-ina-capacitate-desde-casa-con-certificado-incluido\/#primaryimage","url":"https:\/\/beewebs.com\/wp-content\/uploads\/sites\/130\/2025\/09\/capa-1.jpg","contentUrl":"https:\/\/beewebs.com\/wp-content\/uploads\/sites\/130\/2025\/09\/capa-1.jpg","width":1200,"height":625},{"@type":"BreadcrumbList","@id":"https:\/\/beewebs.com\/cursos-en-linea-del-ina-capacitate-desde-casa-con-certificado-incluido\/#breadcrumb","itemListElement":[{"@type":"ListItem","position":1,"name":"Home","item":"https:\/\/beewebs.com\/"},{"@type":"ListItem","position":2,"name":"Cursos en l\u00ednea del INA: capac\u00edtate desde casa con certificado incluido"}]},{"@type":"WebSite","@id":"https:\/\/beewebs.com\/#website","url":"https:\/\/beewebs.com\/","name":"BeeWebs","description":"","publisher":{"@id":"https:\/\/beewebs.com\/#organization"},"potentialAction":[{"@type":"SearchAction","target":{"@type":"EntryPoint","urlTemplate":"https:\/\/beewebs.com\/?s={search_term_string}"},"query-input":"required name=search_term_string"}],"inLanguage":"ro-RO"},{"@type":"Organization","@id":"https:\/\/beewebs.com\/#organization","name":"BeeWebs","url":"https:\/\/beewebs.com\/","logo":{"@type":"ImageObject","inLanguage":"ro-RO","@id":"https:\/\/beewebs.com\/#\/schema\/logo\/image\/","url":"https:\/\/beewebs.com\/wp-content\/uploads\/sites\/130\/2025\/06\/BeeWebs-news.png","contentUrl":"https:\/\/beewebs.com\/wp-content\/uploads\/sites\/130\/2025\/06\/BeeWebs-news.png","width":180,"height":60,"caption":"BeeWebs"},"image":{"@id":"https:\/\/beewebs.com\/#\/schema\/logo\/image\/"}},{"@type":"Person","@id":"https:\/\/beewebs.com\/#\/schema\/person\/b0b94dcbe2f5caf90bfdf59817c675ed","name":"joaovitorjacintho1998","image":{"@type":"ImageObject","inLanguage":"ro-RO","@id":"https:\/\/beewebs.com\/#\/schema\/person\/image\/","url":"https:\/\/secure.gravatar.com\/avatar\/2843227ca03ccf8cc7ccca45204c127e?s=96&d=mm&r=g","contentUrl":"https:\/\/secure.gravatar.com\/avatar\/2843227ca03ccf8cc7ccca45204c127e?s=96&d=mm&r=g","caption":"joaovitorjacintho1998"},"url":"https:\/\/beewebs.com\/ro\/author\/joaovitorjacintho1998\/"}]}},"uagb_featured_image_src":{"full":["https:\/\/beewebs.com\/wp-content\/uploads\/sites\/130\/2025\/09\/capa-1.jpg",1200,625,false],"thumbnail":["https:\/\/beewebs.com\/wp-content\/uploads\/sites\/130\/2025\/09\/capa-1-150x150.jpg",150,150,true],"medium":["https:\/\/beewebs.com\/wp-content\/uploads\/sites\/130\/2025\/09\/capa-1-300x156.jpg",300,156,true],"medium_large":["https:\/\/beewebs.com\/wp-content\/uploads\/sites\/130\/2025\/09\/capa-1-768x400.jpg",768,400,true],"large":["https:\/\/beewebs.com\/wp-content\/uploads\/sites\/130\/2025\/09\/capa-1-1024x533.jpg",1024,533,true],"1536x1536":["https:\/\/beewebs.com\/wp-content\/uploads\/sites\/130\/2025\/09\/capa-1.jpg",1200,625,false],"2048x2048":["https:\/\/beewebs.com\/wp-content\/uploads\/sites\/130\/2025\/09\/capa-1.jpg",1200,625,false],"trp-custom-language-flag":["https:\/\/beewebs.com\/wp-content\/uploads\/sites\/130\/2025\/09\/capa-1-18x9.jpg",18,9,true]},"uagb_author_info":{"display_name":"joaovitorjacintho1998","author_link":"https:\/\/beewebs.com\/ro\/author\/joaovitorjacintho1998\/"},"uagb_comment_info":0,"uagb_excerpt":"Actualmente, contar con opciones formativas que sean gratuitas, accesibles y con certificado incluido resulta cada vez m\u00e1s relevante, porque muchas [&hellip;]","_links":{"self":[{"href":"https:\/\/beewebs.com\/ro\/wp-json\/wp\/v2\/posts\/3744"}],"collection":[{"href":"https:\/\/beewebs.com\/ro\/wp-json\/wp\/v2\/posts"}],"about":[{"href":"https:\/\/beewebs.com\/ro\/wp-json\/wp\/v2\/types\/post"}],"author":[{"embeddable":true,"href":"https:\/\/beewebs.com\/ro\/wp-json\/wp\/v2\/users\/93"}],"replies":[{"embeddable":true,"href":"https:\/\/beewebs.com\/ro\/wp-json\/wp\/v2\/comments?post=3744"}],"version-history":[{"count":2,"href":"https:\/\/beewebs.com\/ro\/wp-json\/wp\/v2\/posts\/3744\/revisions"}],"predecessor-version":[{"id":3758,"href":"https:\/\/beewebs.com\/ro\/wp-json\/wp\/v2\/posts\/3744\/revisions\/3758"}],"wp:featuredmedia":[{"embeddable":true,"href":"https:\/\/beewebs.com\/ro\/wp-json\/wp\/v2\/media\/3749"}],"wp:attachment":[{"href":"https:\/\/beewebs.com\/ro\/wp-json\/wp\/v2\/media?parent=3744"}],"wp:term":[{"taxonomy":"category","embeddable":true,"href":"https:\/\/beewebs.com\/ro\/wp-json\/wp\/v2\/categories?post=3744"},{"taxonomy":"post_tag","embeddable":true,"href":"https:\/\/beewebs.com\/ro\/wp-json\/wp\/v2\/tags?post=3744"}],"curies":[{"name":"wp","href":"https:\/\/api.w.org\/{rel}","templated":true}]}}