{"id":3731,"date":"2025-09-09T11:56:27","date_gmt":"2025-09-09T11:56:27","guid":{"rendered":"https:\/\/beewebs.com\/?p=3731"},"modified":"2025-09-10T15:57:18","modified_gmt":"2025-09-10T15:57:18","slug":"inscripciones-abiertas-cursos-en-linea-de-la-secap-en-ecuador","status":"publish","type":"post","link":"https:\/\/beewebs.com\/ro\/inscripciones-abiertas-cursos-en-linea-de-la-secap-en-ecuador\/","title":{"rendered":"Inscripciones abiertas: Cursos en l\u00ednea de la SECAP en Ecuador"},"content":{"rendered":"<p><strong>Actualmente<\/strong>, el acceso a <a href=\"https:\/\/www.secap.gob.ec\/\">oportunidades formativas<\/a>, como en SECAP, se vuelve cada vez m\u00e1s valioso, porque posibilita el crecimiento profesional, y <strong>naturalmente<\/strong>, atrae la atenci\u00f3n de quienes desean mejorar sus habilidades de manera <strong>tangible y eficiente<\/strong>.<\/p>\n\n\n\n<p><strong>Finalmente<\/strong>, disponer de una oferta educativa que combine <strong>calidad, diversidad tem\u00e1tica y disponibilidad virtual <\/strong>reafirma el compromiso institucional de democratizar la capacitaci\u00f3n.<\/p>\n\n\n<div class=\"wp-block-lazyblock-credit-card lazyblock-credit-card-XRF2M\"><section align=\"center\" class=\"credit-card mx-5 sm:mx-0 text-gray-600 body-font  my-10 border-gray-200 border-b border-l border-r sm:border-0\">\n  <div class=\"h-1 bg-gray-200 rounded overflow-hidden\">\n    <div class=\"w-24 h-full\"><\/div>\n  <\/div>\n  <div class=\"container px-5 sm:px-0 py-6 mx-auto\" data-anchor-target=\"lazyBlock\">\n    <div class=\"flex flex-wrap mx-auto\">\n      <a class=\"lg:w-2\/5 w-full lg:pl-6 mt-6 lg:mt-0\" href=\"https:\/\/beharv.com\/courses\" data-analytics-label=\"creditCardImage\" data-action=\"analytics#trackCTA\" >\n        <img decoding=\"async\" class=\"w-full h-64 object-cover object-center rounded\" loading=\"lazy\" alt=\"card\" style=\"height: 190px;\" src=\"https:\/\/beewebs.com\/wp-content\/uploads\/sites\/130\/2025\/09\/card.jpg\">\n      <\/a>\n      <div class=\"lg:w-3\/5 w-full lg:pl-6 mt-6 lg:mt-0\">\n        <h2 class=\"text-sm title-font text-gray-500 tracking-widest uppercase\">\n          CURSOS        <\/h2>\n        <h1 class=\"text-gray-900 text-3xl title-font font-medium mb-1\">\n          Cursos en l\u00ednea        <\/h1>\n        <div class=\"flex mb-4 justify-center\">\n          \n                      <span class=\"border inline-block py-1 px-2 rounded text-xs font-medium tracking-widest uppercase mr-2\">\n              Order Online            <\/span>\n                    \n        <\/div>\n        <p class=\"leading-relaxed\">\n          La formaci\u00f3n accesible te espera        <\/p>\n        <div class=\"flex mt-6 items-center pb-5 border-b-2 border-gray-100 mb-5\">\n          \n        <\/div>\n        <div class=\"flex\">\n          <a data-km2-rewarded=\"true\" style=\"font-size: 13px;\" class=\"hidden animate-fade-in flex m-auto sm:mr-0 sm:ml-auto\" href=\"https:\/\/beharv.com\/courses\" data-analytics-label=\"creditCardButton\" data-action=\"analytics#trackCTA\"  >\n            <button class=\"uppercase flex m-auto sm:mr-0 sm:ml-auto border-0 py-2 px-4 focus:outline-none rounded disabled:opacity-50\">\n              VER SITIO DE CURSOS            <\/button>\n          <\/a>\n          <a data-km2-rewarded=\"false\" style=\"font-size: 15px;\" class=\"flex m-auto sm:mr-0 sm:ml-auto\" href=\"https:\/\/beharv.com\/courses\" data-analytics-label=\"creditCardButton\" data-action=\"analytics#trackCTA\"  >\n            <button id=\"offer-first\" class=\"flex m-auto sm:mr-0 sm:ml-auto border-0 py-2 px-6 focus:outline-none rounded disabled:opacity-50\">\n              VER SITIO DE CURSOS            <\/button>\n          <\/a>\n        <\/div>\n        <p class=\"text-xs text-gray-500 mt-3 text-center sm:text-right\">\n          You will be redirected to another website        <\/p>\n      <\/div>\n    <\/div>\n  <\/div>\n<\/section><\/div>\n\n\n<h2 class=\"wp-block-heading\">1. Fundamentaci\u00f3n Big Data<\/h2>\n\n\n\n<p>Este curso ofrece bases s\u00f3lidas en an\u00e1lisis de datos y herramientas digitales, de modo que facilite la interpretaci\u00f3n de grandes vol\u00famenes de informaci\u00f3n. Por tanto, permite comprender tendencias, lo cual es esencial en entornos laborales modernos, y naturalmente eleva el perfil profesional.<\/p>\n\n\n\n<p>Adem\u00e1s, promueve el manejo cr\u00edtico de informaci\u00f3n y la toma de decisiones informada, lo que se alinea con demandas actuales del mercado. Por consiguiente, impulsa la competitividad y, eventualmente, puede abrir nuevas oportunidades laborales en sectores vinculados a tecnolog\u00eda y gesti\u00f3n.<\/p>\n\n\n\n<h2 class=\"wp-block-heading\">2. Administraci\u00f3n de bodega y gesti\u00f3n de inventarios<\/h2>\n\n\n\n<p>Este curso aborda pr\u00e1cticas eficientes en organizaci\u00f3n, flujo de productos y control de existencias, con el fin de mejorar procesos log\u00edsticos. Por lo tanto, atiende necesidades reales de empresas y fortalece habilidades operativas que resultan \u00fatiles en m\u00faltiples sectores.<\/p>\n\n\n\n<p>Al mismo tiempo, ense\u00f1a c\u00f3mo implementar sistemas de registro y seguimiento, lo que, naturalmente, reduce errores y costos. Con ello, aporta valor a quienes participan, ya que mejora su desempe\u00f1o profesional y, posiblemente, su empleabilidad.<\/p>\n\n\n\n<h2 class=\"wp-block-heading\">3. Atenci\u00f3n y servicio al cliente<\/h2>\n\n\n\n<figure class=\"wp-block-image aligncenter size-full\"><img loading=\"lazy\" decoding=\"async\" width=\"400\" height=\"400\" src=\"https:\/\/beewebs.com\/wp-content\/uploads\/sites\/130\/2025\/09\/3.jpg\" alt=\"SECAP\" class=\"wp-image-3733\" srcset=\"https:\/\/beewebs.com\/wp-content\/uploads\/sites\/130\/2025\/09\/3.jpg 400w, https:\/\/beewebs.com\/wp-content\/uploads\/sites\/130\/2025\/09\/3-300x300.jpg 300w, https:\/\/beewebs.com\/wp-content\/uploads\/sites\/130\/2025\/09\/3-150x150.jpg 150w, https:\/\/beewebs.com\/wp-content\/uploads\/sites\/130\/2025\/09\/3-12x12.jpg 12w\" sizes=\"(max-width: 400px) 100vw, 400px\" \/><figcaption class=\"wp-element-caption\">Fuente: Freepik<\/figcaption><\/figure>\n\n\n\n<p>Este curso destaca la importancia de comunicaci\u00f3n efectiva, empat\u00eda y resoluci\u00f3n de conflictos en entornos laborales actuales. Por lo tanto, contribuye a construir relaciones positivas con clientes, lo cual incrementa la fidelizaci\u00f3n y genera valor en diferentes contextos.<\/p>\n\n\n\n<p>Asimismo, promueve el desarrollo de habilidades blandas como escucha activa y gesti\u00f3n emocional, lo que, naturalmente, optimiza la experiencia del usuario final. Por consiguiente, impulsa actitudes profesionales orientadas al servicio con enfoque humano y eficiente.<\/p>\n\n\n\n<h2 class=\"wp-block-heading\">4. Electricidad b\u00e1sica<\/h2>\n\n\n\n<figure class=\"wp-block-image aligncenter size-full\"><img loading=\"lazy\" decoding=\"async\" width=\"400\" height=\"400\" src=\"https:\/\/beewebs.com\/wp-content\/uploads\/sites\/130\/2025\/09\/4.jpg\" alt=\"\" class=\"wp-image-3734\" srcset=\"https:\/\/beewebs.com\/wp-content\/uploads\/sites\/130\/2025\/09\/4.jpg 400w, https:\/\/beewebs.com\/wp-content\/uploads\/sites\/130\/2025\/09\/4-300x300.jpg 300w, https:\/\/beewebs.com\/wp-content\/uploads\/sites\/130\/2025\/09\/4-150x150.jpg 150w, https:\/\/beewebs.com\/wp-content\/uploads\/sites\/130\/2025\/09\/4-12x12.jpg 12w\" sizes=\"(max-width: 400px) 100vw, 400px\" \/><figcaption class=\"wp-element-caption\">Fuente: Freepik<\/figcaption><\/figure>\n\n\n\n<p>Este curso introduce principios fundamentales de circuitos el\u00e9ctricos, seguridad y herramientas comunes, con el prop\u00f3sito de brindar un conocimiento t\u00e9cnico inicial confiable. Por tanto, sienta bases esenciales para quienes desean desarrollarse en \u00e1reas t\u00e9cnicas o pr\u00e1cticas del sector el\u00e9ctrico.<\/p>\n\n\n\n<p>Adem\u00e1s, enfatiza procedimientos seguros y normativas aplicables, lo cual, naturalmente, reduce riesgos en intervenciones. De este modo, fortalece tanto la preparaci\u00f3n como la conciencia de responsabilidad profesional, y eventualmente, podr\u00eda facilitar el acceso a roles t\u00e9cnicos.<\/p>\n\n\n\n<h2 class=\"wp-block-heading\">5. Primeros auxilios<\/h2>\n\n\n\n<figure class=\"wp-block-image aligncenter size-full\"><img loading=\"lazy\" decoding=\"async\" width=\"400\" height=\"400\" src=\"https:\/\/beewebs.com\/wp-content\/uploads\/sites\/130\/2025\/09\/5.jpg\" alt=\"\" class=\"wp-image-3735\" srcset=\"https:\/\/beewebs.com\/wp-content\/uploads\/sites\/130\/2025\/09\/5.jpg 400w, https:\/\/beewebs.com\/wp-content\/uploads\/sites\/130\/2025\/09\/5-300x300.jpg 300w, https:\/\/beewebs.com\/wp-content\/uploads\/sites\/130\/2025\/09\/5-150x150.jpg 150w, https:\/\/beewebs.com\/wp-content\/uploads\/sites\/130\/2025\/09\/5-12x12.jpg 12w\" sizes=\"(max-width: 400px) 100vw, 400px\" \/><figcaption class=\"wp-element-caption\">Fuente: Freepik<\/figcaption><\/figure>\n\n\n\n<p>Este curso ofrece nociones clave para responder ante emergencias, incluyendo atenci\u00f3n b\u00e1sica y protocolos inmediatos. Por lo tanto, forma capacidades \u00fatiles en situaciones cr\u00edticas, lo que aporta valor tanto en entornos personales como laborales.<\/p>\n\n\n\n<p>Asimismo, ense\u00f1a procedimientos estandarizados y orientaci\u00f3n pr\u00e1ctica, lo cual, naturalmente, genera confianza y seguridad. Por consiguiente, promueve una cultura de cuidado mutuo y responsabilidad comunitaria, que resulta apreciada en m\u00faltiples contextos sociales.<\/p>\n\n\n\n<h2 class=\"wp-block-heading\">Modalidad, accesibilidad y certificaci\u00f3n del SECAP<\/h2>\n\n\n\n<p>Actualmente, la plataforma presenta una modalidad completamente virtual, lo que facilita acceder a los cursos desde cualquier lugar y en cualquier momento. Por tanto, esto favorece a quienes disponen de horarios flexibles o limitados, y eventualmente ampl\u00eda la cobertura a contextos diversos.<\/p>\n\n\n\n<p>Adem\u00e1s, la inscripci\u00f3n se realiza en l\u00ednea mediante el sitio oficial, lo que simplifica el proceso administrativo y reduce barreras geogr\u00e1ficas. Por consiguiente, esta accesibilidad digital refuerza la inclusi\u00f3n, ya que permite a muchas personas interesarse y participar sin dificultades t\u00e9cnicas.<\/p>\n\n\n\n<p>Asimismo, los cursos suelen otorgar certificados digitales al concluir satisfactoriamente, lo que valida la formaci\u00f3n recibida. Por lo tanto, estos documentos pueden agregarse a curr\u00edculos o perfiles profesionales, y naturalmente constituyen un respaldo formal en el entorno laboral.<\/p>\n\n\n\n<p>Finalmente, esta certificaci\u00f3n contribuye a reconocer competencias reales y actualizadas, lo cual, eventualmente, puede impactar positivamente en entrevistas o evaluaciones laborales.<\/p>\n\n\n\n<h2 class=\"wp-block-heading\">Relevancia institucional del SECAP y alcance nacional<\/h2>\n\n\n\n<p>La SECAP representa una entidad estatal consolidada, adscrita al Ministerio del Trabajo de Ecuador, cuya misi\u00f3n consiste en desarrollar competencias laborales actualizadas en diversos sectores productivos. Por tanto, su respaldo confiere credibilidad, y naturalmente, genera confianza en quienes buscan formaci\u00f3n formal.<\/p>\n\n\n\n<p>Asimismo, su cobertura nacional garantiza que la oferta llegue a distintas provincias y contextos, lo que apoya la equidad en acceso educativo. Con ello, se promueve un desarrollo m\u00e1s inclusivo, ya que personas de diversas comunidades pueden explorar esas oportunidades.<\/p>\n\n\n\n<p>Adem\u00e1s, la instituci\u00f3n mantiene alianzas t\u00e9cnicas e internacionales para fortalecer sus contenidos y metodolog\u00edas, lo que asegura relevancia y calidad. Por consiguiente, esta cooperaci\u00f3n ampl\u00eda su potencial de impacto, porque permite incorporar buenas pr\u00e1cticas globales adaptadas al contexto local.<\/p>\n\n\n\n<p>Finalmente, esa perspectiva global complementa su enfoque nacional, lo cual otorga mayor valor a la experiencia formativa y refuerza su reputaci\u00f3n institucional.<\/p>\n\n\n\n<h2 class=\"wp-block-heading\">Consideraciones t\u00e9cnicas y de usuario del SECAP<\/h2>\n\n\n\n<p>Actualmente, resulta conveniente disponer de una <a href=\"https:\/\/www.secap.gob.ec\/\">conexi\u00f3n estable<\/a> y navegador actualizado para ingresar a la plataforma virtual. Por tanto, esto favorece una experiencia fluida y sin interrupciones, y naturalmente reduce frustraciones t\u00e9cnicas.<\/p>\n\n\n\n<p>Adem\u00e1s, es posible que se requiera registrarse creando una cuenta personal, lo cual facilita gestionar cursos, certificados y progreso. Por consiguiente, esto organiza el proceso de formaci\u00f3n y asegura seguimiento individualizado.<\/p>\n\n\n\n<p>Asimismo, el sistema podr\u00eda notificar fechas de inicio, disponibilidad y progreso a trav\u00e9s de alertas, lo que mantiene al usuario informado. De este modo, refuerza el compromiso con el curso y eleva la experiencia formativa, ya que evita confusiones sobre plazos.<\/p>\n\n\n\n<p>Finalmente, eventualmente, es recomendable revisar requisitos m\u00ednimos (como navegador compatible o preferencia por ciertos dispositivos) para garantizar que las lecciones se visualicen correctamente.<\/p>\n\n\n\n<h2 class=\"wp-block-heading\">Ventajas adicionales destacadas<\/h2>\n\n\n\n<p>Este tema incluye beneficios complementarios que enriquecen la experiencia educativa:<\/p>\n\n\n\n<ul>\n<li>Acceso a contenidos profesionales y actualizados, lo que democratiza la formaci\u00f3n.<\/li>\n\n\n\n<li>Flexibilidad para aprender a propio ritmo, lo cual se ajusta a diversas realidades personales.<\/li>\n\n\n\n<li>Certificados digitales, que aportan respaldo formal y pueden compartirse f\u00e1cilmente.<\/li>\n\n\n\n<li>Diversidad tem\u00e1tica que permite explorar \u00e1reas t\u00e9cnicas, administrativas y humanas.<\/li>\n\n\n\n<li>Soporte institucional confiable, avalado por una entidad p\u00fablica acreditada.<\/li>\n\n\n\n<li>Cobertura nacional que ampl\u00eda el alcance y favorece la inclusi\u00f3n educativa.<\/li>\n<\/ul>\n\n\n\n<h2 class=\"wp-block-heading\">\u00bfTe gust\u00f3 conocer m\u00e1s sobre estas oportunidades del SECAP?<\/h2>\n\n\n\n<p>Actualmente, este panorama formativo presenta una oferta diversa, gratuita y accesible, lo cual despierta inter\u00e9s real por parte de quienes desean avanzar profesionalmente sin enfrentar costos elevados. Por tanto, este enfoque integral genera expectativas positivas y, probablemente, estimula la exploraci\u00f3n consciente de opciones disponibles.<\/p>\n\n\n\n<p>Lee m\u00e1s: <a href=\"https:\/\/beewebs.com\/ro\/como-ganhar-robux-no-roblox-rapido-e-sem-complicacoes\/\">Como ganhar Robux no Roblox r\u00e1pido e sem complica\u00e7\u00f5es &#8211; BeeWebs<\/a><\/p>\n\n\n\n<p>Adem\u00e1s, la posibilidad de fortalecer habilidades t\u00e9cnicas, humanas o laborales en una plataforma confiable agrega valor a la experiencia del usuario, porque une formaci\u00f3n de calidad con practicidad. Por consiguiente, este contexto se presenta como una ventana de posibilidades \u2014quiz\u00e1s la oportunidad que muchos estaban buscando para consolidar su desarrollo.<\/p>","protected":false},"excerpt":{"rendered":"<p>Actualmente, el acceso a oportunidades formativas, como en SECAP, se vuelve cada vez m\u00e1s valioso, porque posibilita el crecimiento profesional, [&hellip;]<\/p>","protected":false},"author":93,"featured_media":3736,"comment_status":"open","ping_status":"open","sticky":false,"template":"","format":"standard","meta":{"_uag_custom_page_level_css":"","site-sidebar-layout":"default","site-content-layout":"","ast-site-content-layout":"default","site-content-style":"default","site-sidebar-style":"default","ast-global-header-display":"","ast-banner-title-visibility":"","ast-main-header-display":"","ast-hfb-above-header-display":"","ast-hfb-below-header-display":"","ast-hfb-mobile-header-display":"","site-post-title":"","ast-breadcrumbs-content":"","ast-featured-img":"","footer-sml-layout":"","theme-transparent-header-meta":"","adv-header-id-meta":"","stick-header-meta":"","header-above-stick-meta":"","header-main-stick-meta":"","header-below-stick-meta":"","astra-migrate-meta-layouts":"set","ast-page-background-enabled":"default","ast-page-background-meta":{"desktop":{"background-color":"var(--ast-global-color-4)","background-image":"","background-repeat":"repeat","background-position":"center center","background-size":"auto","background-attachment":"scroll","background-type":"","background-media":"","overlay-type":"","overlay-color":"","overlay-opacity":"","overlay-gradient":""},"tablet":{"background-color":"","background-image":"","background-repeat":"repeat","background-position":"center center","background-size":"auto","background-attachment":"scroll","background-type":"","background-media":"","overlay-type":"","overlay-color":"","overlay-opacity":"","overlay-gradient":""},"mobile":{"background-color":"","background-image":"","background-repeat":"repeat","background-position":"center center","background-size":"auto","background-attachment":"scroll","background-type":"","background-media":"","overlay-type":"","overlay-color":"","overlay-opacity":"","overlay-gradient":""}},"ast-content-background-meta":{"desktop":{"background-color":"var(--ast-global-color-5)","background-image":"","background-repeat":"repeat","background-position":"center center","background-size":"auto","background-attachment":"scroll","background-type":"","background-media":"","overlay-type":"","overlay-color":"","overlay-opacity":"","overlay-gradient":""},"tablet":{"background-color":"var(--ast-global-color-5)","background-image":"","background-repeat":"repeat","background-position":"center center","background-size":"auto","background-attachment":"scroll","background-type":"","background-media":"","overlay-type":"","overlay-color":"","overlay-opacity":"","overlay-gradient":""},"mobile":{"background-color":"var(--ast-global-color-5)","background-image":"","background-repeat":"repeat","background-position":"center center","background-size":"auto","background-attachment":"scroll","background-type":"","background-media":"","overlay-type":"","overlay-color":"","overlay-opacity":"","overlay-gradient":""}},"footnotes":""},"categories":[1],"tags":[],"yoast_head":"<!-- This site is optimized with the Yoast SEO plugin v23.3 - https:\/\/yoast.com\/wordpress\/plugins\/seo\/ -->\n<title>Inscripciones abiertas: Cursos en l\u00ednea de la SECAP en Ecuador - BeeWebs<\/title>\n<meta name=\"description\" content=\"SECAP: Oportunidades formativas virtuales, gratuitas y accesibles que impulsan habilidades profesionales de manera eficiente e inclusiva.\" \/>\n<meta name=\"robots\" content=\"index, follow, max-snippet:-1, max-image-preview:large, max-video-preview:-1\" \/>\n<link rel=\"canonical\" href=\"https:\/\/beewebs.com\/ro\/inscripciones-abiertas-cursos-en-linea-de-la-secap-en-ecuador\/\" \/>\n<meta property=\"og:locale\" content=\"ro_RO\" \/>\n<meta property=\"og:type\" content=\"article\" \/>\n<meta property=\"og:title\" content=\"Inscripciones abiertas: Cursos en l\u00ednea de la SECAP en Ecuador - BeeWebs\" \/>\n<meta property=\"og:description\" content=\"SECAP: Oportunidades formativas virtuales, gratuitas y accesibles que impulsan habilidades profesionales de manera eficiente e inclusiva.\" \/>\n<meta property=\"og:url\" content=\"https:\/\/beewebs.com\/ro\/inscripciones-abiertas-cursos-en-linea-de-la-secap-en-ecuador\/\" \/>\n<meta property=\"og:site_name\" content=\"BeeWebs\" \/>\n<meta property=\"article:published_time\" content=\"2025-09-09T11:56:27+00:00\" \/>\n<meta property=\"article:modified_time\" content=\"2025-09-10T15:57:18+00:00\" \/>\n<meta property=\"og:image\" content=\"https:\/\/beewebs.com\/wp-content\/uploads\/sites\/130\/2025\/09\/capa.jpg\" \/>\n\t<meta property=\"og:image:width\" content=\"1200\" \/>\n\t<meta property=\"og:image:height\" content=\"625\" \/>\n\t<meta property=\"og:image:type\" content=\"image\/jpeg\" \/>\n<meta name=\"author\" content=\"joaovitorjacintho1998\" \/>\n<meta name=\"twitter:card\" content=\"summary_large_image\" \/>\n<meta name=\"twitter:label1\" content=\"Written by\" \/>\n\t<meta name=\"twitter:data1\" content=\"joaovitorjacintho1998\" \/>\n\t<meta name=\"twitter:label2\" content=\"Est. reading time\" \/>\n\t<meta name=\"twitter:data2\" content=\"7 minute\" \/>\n<script type=\"application\/ld+json\" class=\"yoast-schema-graph\">{\"@context\":\"https:\/\/schema.org\",\"@graph\":[{\"@type\":\"Article\",\"@id\":\"https:\/\/beewebs.com\/inscripciones-abiertas-cursos-en-linea-de-la-secap-en-ecuador\/#article\",\"isPartOf\":{\"@id\":\"https:\/\/beewebs.com\/inscripciones-abiertas-cursos-en-linea-de-la-secap-en-ecuador\/\"},\"author\":{\"name\":\"joaovitorjacintho1998\",\"@id\":\"https:\/\/beewebs.com\/#\/schema\/person\/b0b94dcbe2f5caf90bfdf59817c675ed\"},\"headline\":\"Inscripciones abiertas: Cursos en l\u00ednea de la SECAP en Ecuador\",\"datePublished\":\"2025-09-09T11:56:27+00:00\",\"dateModified\":\"2025-09-10T15:57:18+00:00\",\"mainEntityOfPage\":{\"@id\":\"https:\/\/beewebs.com\/inscripciones-abiertas-cursos-en-linea-de-la-secap-en-ecuador\/\"},\"wordCount\":1185,\"commentCount\":0,\"publisher\":{\"@id\":\"https:\/\/beewebs.com\/#organization\"},\"image\":{\"@id\":\"https:\/\/beewebs.com\/inscripciones-abiertas-cursos-en-linea-de-la-secap-en-ecuador\/#primaryimage\"},\"thumbnailUrl\":\"https:\/\/beewebs.com\/wp-content\/uploads\/sites\/130\/2025\/09\/capa.jpg\",\"articleSection\":[\"Cursos gratuitos\"],\"inLanguage\":\"ro-RO\",\"potentialAction\":[{\"@type\":\"CommentAction\",\"name\":\"Comment\",\"target\":[\"https:\/\/beewebs.com\/inscripciones-abiertas-cursos-en-linea-de-la-secap-en-ecuador\/#respond\"]}]},{\"@type\":\"WebPage\",\"@id\":\"https:\/\/beewebs.com\/inscripciones-abiertas-cursos-en-linea-de-la-secap-en-ecuador\/\",\"url\":\"https:\/\/beewebs.com\/inscripciones-abiertas-cursos-en-linea-de-la-secap-en-ecuador\/\",\"name\":\"Inscripciones abiertas: Cursos en l\u00ednea de la SECAP en Ecuador - BeeWebs\",\"isPartOf\":{\"@id\":\"https:\/\/beewebs.com\/#website\"},\"primaryImageOfPage\":{\"@id\":\"https:\/\/beewebs.com\/inscripciones-abiertas-cursos-en-linea-de-la-secap-en-ecuador\/#primaryimage\"},\"image\":{\"@id\":\"https:\/\/beewebs.com\/inscripciones-abiertas-cursos-en-linea-de-la-secap-en-ecuador\/#primaryimage\"},\"thumbnailUrl\":\"https:\/\/beewebs.com\/wp-content\/uploads\/sites\/130\/2025\/09\/capa.jpg\",\"datePublished\":\"2025-09-09T11:56:27+00:00\",\"dateModified\":\"2025-09-10T15:57:18+00:00\",\"description\":\"SECAP: Oportunidades formativas virtuales, gratuitas y accesibles que impulsan habilidades profesionales de manera eficiente e inclusiva.\",\"breadcrumb\":{\"@id\":\"https:\/\/beewebs.com\/inscripciones-abiertas-cursos-en-linea-de-la-secap-en-ecuador\/#breadcrumb\"},\"inLanguage\":\"ro-RO\",\"potentialAction\":[{\"@type\":\"ReadAction\",\"target\":[\"https:\/\/beewebs.com\/inscripciones-abiertas-cursos-en-linea-de-la-secap-en-ecuador\/\"]}]},{\"@type\":\"ImageObject\",\"inLanguage\":\"ro-RO\",\"@id\":\"https:\/\/beewebs.com\/inscripciones-abiertas-cursos-en-linea-de-la-secap-en-ecuador\/#primaryimage\",\"url\":\"https:\/\/beewebs.com\/wp-content\/uploads\/sites\/130\/2025\/09\/capa.jpg\",\"contentUrl\":\"https:\/\/beewebs.com\/wp-content\/uploads\/sites\/130\/2025\/09\/capa.jpg\",\"width\":1200,\"height\":625,\"caption\":\"SECAP\"},{\"@type\":\"BreadcrumbList\",\"@id\":\"https:\/\/beewebs.com\/inscripciones-abiertas-cursos-en-linea-de-la-secap-en-ecuador\/#breadcrumb\",\"itemListElement\":[{\"@type\":\"ListItem\",\"position\":1,\"name\":\"Home\",\"item\":\"https:\/\/beewebs.com\/\"},{\"@type\":\"ListItem\",\"position\":2,\"name\":\"Inscripciones abiertas: Cursos en l\u00ednea de la SECAP en Ecuador\"}]},{\"@type\":\"WebSite\",\"@id\":\"https:\/\/beewebs.com\/#website\",\"url\":\"https:\/\/beewebs.com\/\",\"name\":\"BeeWebs\",\"description\":\"\",\"publisher\":{\"@id\":\"https:\/\/beewebs.com\/#organization\"},\"potentialAction\":[{\"@type\":\"SearchAction\",\"target\":{\"@type\":\"EntryPoint\",\"urlTemplate\":\"https:\/\/beewebs.com\/?s={search_term_string}\"},\"query-input\":\"required name=search_term_string\"}],\"inLanguage\":\"ro-RO\"},{\"@type\":\"Organization\",\"@id\":\"https:\/\/beewebs.com\/#organization\",\"name\":\"BeeWebs\",\"url\":\"https:\/\/beewebs.com\/\",\"logo\":{\"@type\":\"ImageObject\",\"inLanguage\":\"ro-RO\",\"@id\":\"https:\/\/beewebs.com\/#\/schema\/logo\/image\/\",\"url\":\"https:\/\/beewebs.com\/wp-content\/uploads\/sites\/130\/2025\/06\/BeeWebs-news.png\",\"contentUrl\":\"https:\/\/beewebs.com\/wp-content\/uploads\/sites\/130\/2025\/06\/BeeWebs-news.png\",\"width\":180,\"height\":60,\"caption\":\"BeeWebs\"},\"image\":{\"@id\":\"https:\/\/beewebs.com\/#\/schema\/logo\/image\/\"}},{\"@type\":\"Person\",\"@id\":\"https:\/\/beewebs.com\/#\/schema\/person\/b0b94dcbe2f5caf90bfdf59817c675ed\",\"name\":\"joaovitorjacintho1998\",\"image\":{\"@type\":\"ImageObject\",\"inLanguage\":\"ro-RO\",\"@id\":\"https:\/\/beewebs.com\/#\/schema\/person\/image\/\",\"url\":\"https:\/\/secure.gravatar.com\/avatar\/2843227ca03ccf8cc7ccca45204c127e?s=96&d=mm&r=g\",\"contentUrl\":\"https:\/\/secure.gravatar.com\/avatar\/2843227ca03ccf8cc7ccca45204c127e?s=96&d=mm&r=g\",\"caption\":\"joaovitorjacintho1998\"},\"url\":\"https:\/\/beewebs.com\/ro\/author\/joaovitorjacintho1998\/\"}]}<\/script>\n<!-- \/ Yoast SEO plugin. -->","yoast_head_json":{"title":"Inscripciones abiertas: Cursos en l\u00ednea de la SECAP en Ecuador - BeeWebs","description":"SECAP: Oportunidades formativas virtuales, gratuitas y accesibles que impulsan habilidades profesionales de manera eficiente e inclusiva.","robots":{"index":"index","follow":"follow","max-snippet":"max-snippet:-1","max-image-preview":"max-image-preview:large","max-video-preview":"max-video-preview:-1"},"canonical":"https:\/\/beewebs.com\/ro\/inscripciones-abiertas-cursos-en-linea-de-la-secap-en-ecuador\/","og_locale":"ro_RO","og_type":"article","og_title":"Inscripciones abiertas: Cursos en l\u00ednea de la SECAP en Ecuador - BeeWebs","og_description":"SECAP: Oportunidades formativas virtuales, gratuitas y accesibles que impulsan habilidades profesionales de manera eficiente e inclusiva.","og_url":"https:\/\/beewebs.com\/ro\/inscripciones-abiertas-cursos-en-linea-de-la-secap-en-ecuador\/","og_site_name":"BeeWebs","article_published_time":"2025-09-09T11:56:27+00:00","article_modified_time":"2025-09-10T15:57:18+00:00","og_image":[{"width":1200,"height":625,"url":"https:\/\/beewebs.com\/wp-content\/uploads\/sites\/130\/2025\/09\/capa.jpg","type":"image\/jpeg"}],"author":"joaovitorjacintho1998","twitter_card":"summary_large_image","twitter_misc":{"Written by":"joaovitorjacintho1998","Est. reading time":"7 minute"},"schema":{"@context":"https:\/\/schema.org","@graph":[{"@type":"Article","@id":"https:\/\/beewebs.com\/inscripciones-abiertas-cursos-en-linea-de-la-secap-en-ecuador\/#article","isPartOf":{"@id":"https:\/\/beewebs.com\/inscripciones-abiertas-cursos-en-linea-de-la-secap-en-ecuador\/"},"author":{"name":"joaovitorjacintho1998","@id":"https:\/\/beewebs.com\/#\/schema\/person\/b0b94dcbe2f5caf90bfdf59817c675ed"},"headline":"Inscripciones abiertas: Cursos en l\u00ednea de la SECAP en Ecuador","datePublished":"2025-09-09T11:56:27+00:00","dateModified":"2025-09-10T15:57:18+00:00","mainEntityOfPage":{"@id":"https:\/\/beewebs.com\/inscripciones-abiertas-cursos-en-linea-de-la-secap-en-ecuador\/"},"wordCount":1185,"commentCount":0,"publisher":{"@id":"https:\/\/beewebs.com\/#organization"},"image":{"@id":"https:\/\/beewebs.com\/inscripciones-abiertas-cursos-en-linea-de-la-secap-en-ecuador\/#primaryimage"},"thumbnailUrl":"https:\/\/beewebs.com\/wp-content\/uploads\/sites\/130\/2025\/09\/capa.jpg","articleSection":["Cursos gratuitos"],"inLanguage":"ro-RO","potentialAction":[{"@type":"CommentAction","name":"Comment","target":["https:\/\/beewebs.com\/inscripciones-abiertas-cursos-en-linea-de-la-secap-en-ecuador\/#respond"]}]},{"@type":"WebPage","@id":"https:\/\/beewebs.com\/inscripciones-abiertas-cursos-en-linea-de-la-secap-en-ecuador\/","url":"https:\/\/beewebs.com\/inscripciones-abiertas-cursos-en-linea-de-la-secap-en-ecuador\/","name":"Inscripciones abiertas: Cursos en l\u00ednea de la SECAP en Ecuador - BeeWebs","isPartOf":{"@id":"https:\/\/beewebs.com\/#website"},"primaryImageOfPage":{"@id":"https:\/\/beewebs.com\/inscripciones-abiertas-cursos-en-linea-de-la-secap-en-ecuador\/#primaryimage"},"image":{"@id":"https:\/\/beewebs.com\/inscripciones-abiertas-cursos-en-linea-de-la-secap-en-ecuador\/#primaryimage"},"thumbnailUrl":"https:\/\/beewebs.com\/wp-content\/uploads\/sites\/130\/2025\/09\/capa.jpg","datePublished":"2025-09-09T11:56:27+00:00","dateModified":"2025-09-10T15:57:18+00:00","description":"SECAP: Oportunidades formativas virtuales, gratuitas y accesibles que impulsan habilidades profesionales de manera eficiente e inclusiva.","breadcrumb":{"@id":"https:\/\/beewebs.com\/inscripciones-abiertas-cursos-en-linea-de-la-secap-en-ecuador\/#breadcrumb"},"inLanguage":"ro-RO","potentialAction":[{"@type":"ReadAction","target":["https:\/\/beewebs.com\/inscripciones-abiertas-cursos-en-linea-de-la-secap-en-ecuador\/"]}]},{"@type":"ImageObject","inLanguage":"ro-RO","@id":"https:\/\/beewebs.com\/inscripciones-abiertas-cursos-en-linea-de-la-secap-en-ecuador\/#primaryimage","url":"https:\/\/beewebs.com\/wp-content\/uploads\/sites\/130\/2025\/09\/capa.jpg","contentUrl":"https:\/\/beewebs.com\/wp-content\/uploads\/sites\/130\/2025\/09\/capa.jpg","width":1200,"height":625,"caption":"SECAP"},{"@type":"BreadcrumbList","@id":"https:\/\/beewebs.com\/inscripciones-abiertas-cursos-en-linea-de-la-secap-en-ecuador\/#breadcrumb","itemListElement":[{"@type":"ListItem","position":1,"name":"Home","item":"https:\/\/beewebs.com\/"},{"@type":"ListItem","position":2,"name":"Inscripciones abiertas: Cursos en l\u00ednea de la SECAP en Ecuador"}]},{"@type":"WebSite","@id":"https:\/\/beewebs.com\/#website","url":"https:\/\/beewebs.com\/","name":"BeeWebs","description":"","publisher":{"@id":"https:\/\/beewebs.com\/#organization"},"potentialAction":[{"@type":"SearchAction","target":{"@type":"EntryPoint","urlTemplate":"https:\/\/beewebs.com\/?s={search_term_string}"},"query-input":"required name=search_term_string"}],"inLanguage":"ro-RO"},{"@type":"Organization","@id":"https:\/\/beewebs.com\/#organization","name":"BeeWebs","url":"https:\/\/beewebs.com\/","logo":{"@type":"ImageObject","inLanguage":"ro-RO","@id":"https:\/\/beewebs.com\/#\/schema\/logo\/image\/","url":"https:\/\/beewebs.com\/wp-content\/uploads\/sites\/130\/2025\/06\/BeeWebs-news.png","contentUrl":"https:\/\/beewebs.com\/wp-content\/uploads\/sites\/130\/2025\/06\/BeeWebs-news.png","width":180,"height":60,"caption":"BeeWebs"},"image":{"@id":"https:\/\/beewebs.com\/#\/schema\/logo\/image\/"}},{"@type":"Person","@id":"https:\/\/beewebs.com\/#\/schema\/person\/b0b94dcbe2f5caf90bfdf59817c675ed","name":"joaovitorjacintho1998","image":{"@type":"ImageObject","inLanguage":"ro-RO","@id":"https:\/\/beewebs.com\/#\/schema\/person\/image\/","url":"https:\/\/secure.gravatar.com\/avatar\/2843227ca03ccf8cc7ccca45204c127e?s=96&d=mm&r=g","contentUrl":"https:\/\/secure.gravatar.com\/avatar\/2843227ca03ccf8cc7ccca45204c127e?s=96&d=mm&r=g","caption":"joaovitorjacintho1998"},"url":"https:\/\/beewebs.com\/ro\/author\/joaovitorjacintho1998\/"}]}},"uagb_featured_image_src":{"full":["https:\/\/beewebs.com\/wp-content\/uploads\/sites\/130\/2025\/09\/capa.jpg",1200,625,false],"thumbnail":["https:\/\/beewebs.com\/wp-content\/uploads\/sites\/130\/2025\/09\/capa-150x150.jpg",150,150,true],"medium":["https:\/\/beewebs.com\/wp-content\/uploads\/sites\/130\/2025\/09\/capa-300x156.jpg",300,156,true],"medium_large":["https:\/\/beewebs.com\/wp-content\/uploads\/sites\/130\/2025\/09\/capa-768x400.jpg",768,400,true],"large":["https:\/\/beewebs.com\/wp-content\/uploads\/sites\/130\/2025\/09\/capa-1024x533.jpg",1024,533,true],"1536x1536":["https:\/\/beewebs.com\/wp-content\/uploads\/sites\/130\/2025\/09\/capa.jpg",1200,625,false],"2048x2048":["https:\/\/beewebs.com\/wp-content\/uploads\/sites\/130\/2025\/09\/capa.jpg",1200,625,false],"trp-custom-language-flag":["https:\/\/beewebs.com\/wp-content\/uploads\/sites\/130\/2025\/09\/capa-18x9.jpg",18,9,true]},"uagb_author_info":{"display_name":"joaovitorjacintho1998","author_link":"https:\/\/beewebs.com\/ro\/author\/joaovitorjacintho1998\/"},"uagb_comment_info":0,"uagb_excerpt":"Actualmente, el acceso a oportunidades formativas, como en SECAP, se vuelve cada vez m\u00e1s valioso, porque posibilita el crecimiento profesional, [&hellip;]","_links":{"self":[{"href":"https:\/\/beewebs.com\/ro\/wp-json\/wp\/v2\/posts\/3731"}],"collection":[{"href":"https:\/\/beewebs.com\/ro\/wp-json\/wp\/v2\/posts"}],"about":[{"href":"https:\/\/beewebs.com\/ro\/wp-json\/wp\/v2\/types\/post"}],"author":[{"embeddable":true,"href":"https:\/\/beewebs.com\/ro\/wp-json\/wp\/v2\/users\/93"}],"replies":[{"embeddable":true,"href":"https:\/\/beewebs.com\/ro\/wp-json\/wp\/v2\/comments?post=3731"}],"version-history":[{"count":2,"href":"https:\/\/beewebs.com\/ro\/wp-json\/wp\/v2\/posts\/3731\/revisions"}],"predecessor-version":[{"id":3764,"href":"https:\/\/beewebs.com\/ro\/wp-json\/wp\/v2\/posts\/3731\/revisions\/3764"}],"wp:featuredmedia":[{"embeddable":true,"href":"https:\/\/beewebs.com\/ro\/wp-json\/wp\/v2\/media\/3736"}],"wp:attachment":[{"href":"https:\/\/beewebs.com\/ro\/wp-json\/wp\/v2\/media?parent=3731"}],"wp:term":[{"taxonomy":"category","embeddable":true,"href":"https:\/\/beewebs.com\/ro\/wp-json\/wp\/v2\/categories?post=3731"},{"taxonomy":"post_tag","embeddable":true,"href":"https:\/\/beewebs.com\/ro\/wp-json\/wp\/v2\/tags?post=3731"}],"curies":[{"name":"wp","href":"https:\/\/api.w.org\/{rel}","templated":true}]}}