{"id":3668,"date":"2025-08-10T16:58:32","date_gmt":"2025-08-10T16:58:32","guid":{"rendered":"https:\/\/beewebs.com\/?p=3668"},"modified":"2025-08-10T16:58:36","modified_gmt":"2025-08-10T16:58:36","slug":"cursos-gratis-do-governo-da-colombia-cadastre-se-e-comece-ja","status":"publish","type":"post","link":"https:\/\/beewebs.com\/ro\/cursos-gratis-do-governo-da-colombia-cadastre-se-e-comece-ja\/","title":{"rendered":"Cursos gr\u00e1tis do Governo da Col\u00f4mbia: Cadastre-se e comece j\u00e1"},"content":{"rendered":"<p>Os cursos gr\u00e1tis do Governo da Col\u00f4mbia <strong>abrem muitas portas<\/strong> para aqueles que buscam uma <strong>qualifica\u00e7\u00e3o real e efetiva<\/strong>. Em parceria com a plataforma <a href=\"https:\/\/platzi.com\/\">Platzi<\/a>, aprender se tornou muito mais <strong>acess\u00edvel<\/strong>, al\u00e9m de <strong>pr\u00e1tico e flex\u00edvel<\/strong>.<\/p>\n\n\n\n<p>Aproveite esta excelente oportunidade para <strong>estudar sem precisar sair<\/strong> do conforto de sua casa. Descubra agora mesmo <strong>como participar<\/strong> e transformar sua <strong>trajet\u00f3ria profissional<\/strong> por meio de um ensino de alta qualidade.<\/p>\n\n\n\n<h2 class=\"wp-block-heading\">1. Curso Pr\u00e1tico de Arquitetura Backend<\/h2>\n\n\n\n<p>Este curso tem uma vis\u00e3o funcional acerca de como estruturar o lado servidor de um sistema. A proposta principal \u00e9 mostrar de forma clara o funcionamento das APIs, l\u00f3gica de autentica\u00e7\u00e3o, gest\u00e3o de dados e melhores pr\u00e1ticas para construir servi\u00e7os escal\u00e1veis. As aulas s\u00e3o acompanhadas por exemplos bem detalhados, facilitando a compreens\u00e3o do conte\u00fado apresentado. Os participantes tamb\u00e9m observam como a organiza\u00e7\u00e3o do backend impacta na estabilidade e desempenho das aplica\u00e7\u00f5es.<\/p>\n\n\n\n<p>Outro diferencial relevante est\u00e1 no uso de ferramentas que simulam ambientes profissionais reais. Isso possibilita que os alunos adquiram mais experi\u00eancia pr\u00e1tica e sintam-se mais preparados para aplicar os conhecimentos obtidos. Al\u00e9m disso, o curso estimula o pensamento t\u00e9cnico, oferecendo uma base s\u00f3lida para a forma\u00e7\u00e3o. Com um conte\u00fado acess\u00edvel e bem estruturado, o aprendizado torna-se mais din\u00e2mico, sem demandar conhecimentos pr\u00e9vios aprofundados.<\/p>\n\n\n\n<h2 class=\"wp-block-heading\">2. Fundamentos de Arquitetura de Software<\/h2>\n\n\n\n<p>O curso denominado Fundamentos de Arquitetura de Software oferece uma forma\u00e7\u00e3o tanto te\u00f3rica quanto com aplica\u00e7\u00f5es pr\u00e1ticas. Os alunos s\u00e3o introduzidos aos principais conceitos que envolvem a estrutura dos sistemas digitais, aprendendo a organizar aplica\u00e7\u00f5es de modo funcional e eficiente. Por meio de explica\u00e7\u00f5es claras, exemplos diretos e linguagem acess\u00edvel, o conte\u00fado favorece uma assimila\u00e7\u00e3o profunda dos temas abordados. Al\u00e9m disso, a forma\u00e7\u00e3o auxilia na compreens\u00e3o de como diferentes camadas e m\u00f3dulos se relacionam durante o desenvolvimento.<\/p>\n\n\n\n<p>Durante o processo de aprendizado, os participantes acompanham estudos de casos reais e realizam exerc\u00edcios orientados, o que contribui para fixar melhor os conte\u00fados apresentados. H\u00e1 espa\u00e7o ainda para reflex\u00f5es a respeito de estilos variados de arquitetura, al\u00e9m de debates que comparam suas funcionalidades. Com o suporte de especialistas do setor, o material fica ainda mais compreens\u00edvel, promovendo um ambiente de estudo completo e enriquecedor. Os estudantes ganham mais seguran\u00e7a para enfrentar desafios do desenvolvimento em v\u00e1rias fases do processo.<\/p>\n\n\n\n<h2 class=\"wp-block-heading\">3. Curso de Desenvolvedor Frontend<\/h2>\n\n\n\n<figure class=\"wp-block-image aligncenter size-full\"><img loading=\"lazy\" decoding=\"async\" width=\"400\" height=\"400\" src=\"https:\/\/beewebs.com\/wp-content\/uploads\/sites\/130\/2025\/08\/Design-sem-nome-2025-08-10T105254.565-2.jpg\" alt=\"Cursos gr\u00e1tis do Governo da Col\u00f4mbia: Cadastre-se e comece j\u00e1\" class=\"wp-image-3660\" srcset=\"https:\/\/beewebs.com\/wp-content\/uploads\/sites\/130\/2025\/08\/Design-sem-nome-2025-08-10T105254.565-2.jpg 400w, https:\/\/beewebs.com\/wp-content\/uploads\/sites\/130\/2025\/08\/Design-sem-nome-2025-08-10T105254.565-2-300x300.jpg 300w, https:\/\/beewebs.com\/wp-content\/uploads\/sites\/130\/2025\/08\/Design-sem-nome-2025-08-10T105254.565-2-150x150.jpg 150w, https:\/\/beewebs.com\/wp-content\/uploads\/sites\/130\/2025\/08\/Design-sem-nome-2025-08-10T105254.565-2-12x12.jpg 12w\" sizes=\"(max-width: 400px) 100vw, 400px\" \/><figcaption class=\"wp-element-caption\">Fonte: Canva<\/figcaption><\/figure>\n\n\n\n<p>O curso para Desenvolvedor Frontend ensina os principais fundamentos para quem deseja atuar no desenvolvimento da interface visual de sites e aplica\u00e7\u00f5es. As aulas cobrem HTML, CSS e JavaScript, com foco na estrutura, estilo e interatividade dos elementos. Os participantes tamb\u00e9m s\u00e3o apresentados a ferramentas \u00fateis e pr\u00e1ticas modernas para a cria\u00e7\u00e3o de p\u00e1ginas web mais funcionais e atrativas.<\/p>\n\n\n\n<p>Durante o curso, s\u00e3o propostos desafios que simulam demandas reais do mercado de trabalho. O aluno aprende a lidar com organiza\u00e7\u00e3o de layout, responsividade e integra\u00e7\u00e3o com elementos visuais interativos. A pr\u00e1tica constante refor\u00e7a o conte\u00fado aprendido e possibilita o desenvolvimento de um portf\u00f3lio s\u00f3lido. Dessa forma, o curso representa um passo inicial importante para quem deseja seguir carreira nas \u00e1reas de tecnologia e design digital.<\/p>\n\n\n\n<h2 class=\"wp-block-heading\">4. Introdu\u00e7\u00e3o ao Desenvolvimento Backend<\/h2>\n\n\n\n<figure class=\"wp-block-image aligncenter size-full\"><img loading=\"lazy\" decoding=\"async\" width=\"400\" height=\"400\" src=\"https:\/\/beewebs.com\/wp-content\/uploads\/sites\/130\/2025\/08\/Design-sem-nome-2025-08-10T105330.831-1.jpg\" alt=\"\" class=\"wp-image-3659\" srcset=\"https:\/\/beewebs.com\/wp-content\/uploads\/sites\/130\/2025\/08\/Design-sem-nome-2025-08-10T105330.831-1.jpg 400w, https:\/\/beewebs.com\/wp-content\/uploads\/sites\/130\/2025\/08\/Design-sem-nome-2025-08-10T105330.831-1-300x300.jpg 300w, https:\/\/beewebs.com\/wp-content\/uploads\/sites\/130\/2025\/08\/Design-sem-nome-2025-08-10T105330.831-1-150x150.jpg 150w, https:\/\/beewebs.com\/wp-content\/uploads\/sites\/130\/2025\/08\/Design-sem-nome-2025-08-10T105330.831-1-12x12.jpg 12w\" sizes=\"(max-width: 400px) 100vw, 400px\" \/><figcaption class=\"wp-element-caption\">Fonte: Canva<\/figcaption><\/figure>\n\n\n\n<p>Esta forma\u00e7\u00e3o foi elaborada para aqueles que desejam entender o funcionamento do backend e iniciar sua trajet\u00f3ria profissional nesse segmento. As aulas abordam os conceitos centrais da \u00e1rea, incluindo rotas, servidores, requisi\u00e7\u00f5es e integra\u00e7\u00e3o com bancos de dados. Assim, o participante obt\u00e9m uma vis\u00e3o inicial consistente, sem precisar possuir conhecimentos t\u00e9cnicos avan\u00e7ados para acompanhar o conte\u00fado.<\/p>\n\n\n\n<p>Os exerc\u00edcios pr\u00e1ticos contribuem para consolidar os temas abordados. O aluno desenvolve pequenos projetos, o que torna o aprendizado mais interessante e direto. Outro ponto positivo est\u00e1 na maneira como os conte\u00fados s\u00e3o explicados, utilizando exemplos f\u00e1ceis de compreender. A cada m\u00f3dulo, \u00e9 poss\u00edvel notar a evolu\u00e7\u00e3o do racioc\u00ednio l\u00f3gico e da capacidade de implementar solu\u00e7\u00f5es simples no backend. Isso incentiva o estudante a continuar avan\u00e7ando na \u00e1rea.<\/p>\n\n\n\n<h2 class=\"wp-block-heading\">5. Curso de SQL e MySQL<\/h2>\n\n\n\n<figure class=\"wp-block-image aligncenter size-full\"><img loading=\"lazy\" decoding=\"async\" width=\"400\" height=\"400\" src=\"https:\/\/beewebs.com\/wp-content\/uploads\/sites\/130\/2025\/08\/Design-sem-nome-2025-08-10T105434.332-2.jpg\" alt=\"\" class=\"wp-image-3658\" srcset=\"https:\/\/beewebs.com\/wp-content\/uploads\/sites\/130\/2025\/08\/Design-sem-nome-2025-08-10T105434.332-2.jpg 400w, https:\/\/beewebs.com\/wp-content\/uploads\/sites\/130\/2025\/08\/Design-sem-nome-2025-08-10T105434.332-2-300x300.jpg 300w, https:\/\/beewebs.com\/wp-content\/uploads\/sites\/130\/2025\/08\/Design-sem-nome-2025-08-10T105434.332-2-150x150.jpg 150w, https:\/\/beewebs.com\/wp-content\/uploads\/sites\/130\/2025\/08\/Design-sem-nome-2025-08-10T105434.332-2-12x12.jpg 12w\" sizes=\"(max-width: 400px) 100vw, 400px\" \/><figcaption class=\"wp-element-caption\">Fonte: Canva<\/figcaption><\/figure>\n\n\n\n<p>O curso de SQL e MySQL apresenta aos alunos o universo da linguagem de manipula\u00e7\u00e3o de dados. Os estudantes aprendem desde a cria\u00e7\u00e3o de tabelas at\u00e9 consultas mais complexas, com foco na aplica\u00e7\u00e3o pr\u00e1tica. Durante as aulas, s\u00e3o desenvolvidos comandos espec\u00edficos, leitura de bancos relacionais e organiza\u00e7\u00e3o eficaz dos dados. O material \u00e9 direcionado tanto para iniciantes quanto para pessoas que desejam revisar seus conhecimentos na \u00e1rea.<\/p>\n\n\n\n<p>Al\u00e9m de ensinar a sintaxe e a l\u00f3gica do SQL, o curso demonstra como aplicar esse conhecimento dentro do ambiente MySQL. Os exerc\u00edcios propostos simulam situa\u00e7\u00f5es do mundo real, como manipula\u00e7\u00e3o de registros, cria\u00e7\u00e3o de filtros e organiza\u00e7\u00e3o de consultas eficientes. A cada aula, os participantes percebem avan\u00e7os concretos em sua habilidade de trabalhar com bancos de dados. Dessa forma, \u00e9 poss\u00edvel desenvolver compet\u00eancias que s\u00e3o altamente valorizadas em v\u00e1rias \u00e1reas da tecnologia.<\/p>\n\n\n\n<h2 class=\"wp-block-heading\">O que os cursos gr\u00e1tis do Governo da Col\u00f4mbia oferecem<\/h2>\n\n\n\n<p>Os cursos gratuitos do Governo Colombiano t\u00eam potencial para contribuir significativamente na forma\u00e7\u00e3o de pessoas em diferentes fases da vida profissional. A seguir, destacamos cinco benef\u00edcios que ilustram o valor dessa iniciativa.<\/p>\n\n\n\n<ul>\n<li><strong>Acesso remoto e flex\u00edvel:<\/strong> Com aulas totalmente online, os cursos possibilitam que o estudante defina seus pr\u00f3prios hor\u00e1rios e acompanhe o conte\u00fado conforme seu ritmo. Isso facilita a concilia\u00e7\u00e3o com outras responsabilidades cotidianas.<\/li>\n\n\n\n<li><strong>Conte\u00fado t\u00e9cnico e bem estruturado:<\/strong> Os m\u00f3dulos foram elaborados para auxiliar o aluno a construir uma base s\u00f3lida de conhecimento, com temas aplic\u00e1veis em diversas profiss\u00f5es.<\/li>\n\n\n\n<li><strong>Suporte did\u00e1tico com especialistas da \u00e1rea:<\/strong> Durante os cursos, h\u00e1 o suporte de instrutores experientes que explicam os assuntos de forma clara e oferecem materiais complementares \u00fateis.<\/li>\n\n\n\n<li><strong>Possibilidade de obter certificado digital:<\/strong> Ao finalizar as atividades, o participante pode receber um documento digital que comprova sua forma\u00e7\u00e3o, \u00fatil em processos seletivos.<\/li>\n\n\n\n<li><strong>Cursos alinhados \u00e0s demandas do mercado:<\/strong> Os temas abordados possuem aplica\u00e7\u00e3o direta no setor de tecnologia, aumentando as chances de aproveitamento profissional.<\/li>\n<\/ul>\n\n\n\n<h2 class=\"wp-block-heading\">Import\u00e2ncia de um certificado digital e como ele pode transformar sua vida<\/h2>\n\n\n\n<p>Conquistar um certificado digital ao concluir um curso gratuito pode fazer toda a diferen\u00e7a no curr\u00edculo profissional. Esse tipo de documento comprova que o aluno dedicou-se \u00e0 forma\u00e7\u00e3o e completou com \u00eaxito os conte\u00fados propostos.<\/p>\n\n\n\n<p>Al\u00e9m disso, o certificado pode ser usado para validar habilidades espec\u00edficas. Em processos seletivos, isso auxilia a demonstrar preparo t\u00e9cnico e iniciativa para adquirir novos conhecimentos, qualidades valorizadas por recrutadores de diversos setores.<\/p>\n\n\n\n<p>Outro aspecto relevante \u00e9 que o certificado digital pode ser compartilhado em redes profissionais, aumentando a visibilidade do perfil do candidato e ampliando as chances de ser convocado para entrevistas. Quanto mais qualifica\u00e7\u00f5es registradas, maior a for\u00e7a do curr\u00edculo.<\/p>\n\n\n\n<p>Por fim, essa certifica\u00e7\u00e3o pode abrir portas para projetos aut\u00f4nomos. Para quem deseja prestar servi\u00e7os ou atuar como freelancer, ter documentos que comprovem a forma\u00e7\u00e3o \u00e9 um diferencial muito importante.<\/p>\n\n\n\n<h2 class=\"wp-block-heading\">Como se inscrever nos cursos gr\u00e1tis do Governo da Col\u00f4mbia<\/h2>\n\n\n\n<p>Para acessar os cursos disponibilizados pelo Governo Colombiano atrav\u00e9s da plataforma <a href=\"https:\/\/platzi.com\/\">Platzi<\/a>, o primeiro passo \u00e9 visitar o site oficial. L\u00e1, o interessado encontra a lista de forma\u00e7\u00f5es dispon\u00edveis e pode escolher aquela que melhor se encaixa em seus objetivos.<\/p>\n\n\n\n<p>Em seguida, basta criar uma conta gratuita na plataforma, preenchendo as informa\u00e7\u00f5es b\u00e1sicas solicitadas. Esse procedimento \u00e9 simples e r\u00e1pido, levando apenas alguns minutos. Ap\u00f3s isso, j\u00e1 \u00e9 poss\u00edvel acessar os conte\u00fados liberados sem qualquer custo.<\/p>\n\n\n\n<p>Depois de iniciar o curso, o estudante pode acompanhar as aulas em seu pr\u00f3prio ritmo. Os m\u00f3dulos ficam acess\u00edveis a qualquer momento, permitindo que o aluno revise o conte\u00fado sempre que necess\u00e1rio. A organiza\u00e7\u00e3o dos v\u00eddeos e exerc\u00edcios contribui bastante para a fixa\u00e7\u00e3o dos temas tratados.<\/p>\n\n\n\n<p>Ao concluir a forma\u00e7\u00e3o, a plataforma disponibiliza um certificado digital, desde que o aluno cumpra os crit\u00e9rios exigidos, que incluem assistir \u00e0s aulas, realizar as atividades propostas e completar a trilha de conte\u00fado indicada.<\/p>\n\n\n\n<h2 class=\"wp-block-heading\">Perguntas Frequentes sobre cursos gr\u00e1tis do Governo da Col\u00f4mbia<\/h2>\n\n\n\n<ol>\n<li><strong>Os cursos s\u00e3o totalmente gratuitos?<\/strong><br>Sim, todos os cursos oferecidos por essa iniciativa podem ser acessados sem custos. A inscri\u00e7\u00e3o, o conte\u00fado e o certificado n\u00e3o exigem qualquer pagamento.<\/li>\n\n\n\n<li><strong>\u00c9 necess\u00e1rio ter experi\u00eancia anterior?<br><\/strong>N\u00e3o, os cursos foram desenvolvidos para iniciantes. Os conte\u00fados iniciam com conceitos b\u00e1sicos e evoluem progressivamente, facilitando o aprendizado.<\/li>\n\n\n\n<li><strong>Posso acessar os cursos de qualquer pa\u00eds?<\/strong><br>Sim, como as aulas s\u00e3o online, \u00e9 poss\u00edvel estudar de qualquer local que tenha conex\u00e3o com a internet. Basta criar uma conta na plataforma.<\/li>\n\n\n\n<li><strong>O certificado tem validade oficial?<\/strong><br>Embora n\u00e3o substitua diplomas formais, o certificado digital comprova a conclus\u00e3o e pode ser utilizado em processos seletivos e perfis profissionais.<\/li>\n\n\n\n<li><strong>Quanto tempo dura cada curso?<br><\/strong>A dura\u00e7\u00e3o varia, mas a maioria pode ser finalizada em poucas semanas. Depende da dedica\u00e7\u00e3o do aluno e do ritmo de estudo adotado.<\/li>\n<\/ol>\n\n\n\n<h2 class=\"wp-block-heading\">Pronto para escolher seus cursos gr\u00e1tis do Governo da Col\u00f4mbia?<\/h2>\n\n\n\n<p>Os cursos disponibilizados pelo Governo da Col\u00f4mbia representam uma excelente oportunidade para crescimento educacional e profissional. Al\u00e9m disso, permitem estudar com flexibilidade e sem qualquer custo, ampliando o acesso ao conhecimento.<\/p>\n\n\n\n<p>Leia mais: <a href=\"https:\/\/beewebs.com\/ro\/dicas-de-cursos-online-da-universidade-de-pretoria-para-transformar-sua-vida\/\">Dicas de cursos online da Universidade de Pretoria para transformar sua vida<\/a><\/p>\n\n\n\n<p>Quem busca capacita\u00e7\u00e3o de qualidade pode contar com esses cursos que oferecem exatamente o que procura. S\u00e3o cursos gratuitos online que se alinham a diversos interesses para voc\u00ea come\u00e7ar a transformar sua realidade a partir de agora!<\/p>","protected":false},"excerpt":{"rendered":"<p>Os cursos gr\u00e1tis do Governo da Col\u00f4mbia abrem muitas portas para aqueles que buscam uma qualifica\u00e7\u00e3o real e efetiva. Em [&hellip;]<\/p>","protected":false},"author":106,"featured_media":3653,"comment_status":"open","ping_status":"open","sticky":false,"template":"","format":"standard","meta":{"_uag_custom_page_level_css":"","site-sidebar-layout":"default","site-content-layout":"","ast-site-content-layout":"default","site-content-style":"default","site-sidebar-style":"default","ast-global-header-display":"","ast-banner-title-visibility":"","ast-main-header-display":"","ast-hfb-above-header-display":"","ast-hfb-below-header-display":"","ast-hfb-mobile-header-display":"","site-post-title":"","ast-breadcrumbs-content":"","ast-featured-img":"","footer-sml-layout":"","theme-transparent-header-meta":"","adv-header-id-meta":"","stick-header-meta":"","header-above-stick-meta":"","header-main-stick-meta":"","header-below-stick-meta":"","astra-migrate-meta-layouts":"set","ast-page-background-enabled":"default","ast-page-background-meta":{"desktop":{"background-color":"var(--ast-global-color-4)","background-image":"","background-repeat":"repeat","background-position":"center center","background-size":"auto","background-attachment":"scroll","background-type":"","background-media":"","overlay-type":"","overlay-color":"","overlay-opacity":"","overlay-gradient":""},"tablet":{"background-color":"","background-image":"","background-repeat":"repeat","background-position":"center center","background-size":"auto","background-attachment":"scroll","background-type":"","background-media":"","overlay-type":"","overlay-color":"","overlay-opacity":"","overlay-gradient":""},"mobile":{"background-color":"","background-image":"","background-repeat":"repeat","background-position":"center center","background-size":"auto","background-attachment":"scroll","background-type":"","background-media":"","overlay-type":"","overlay-color":"","overlay-opacity":"","overlay-gradient":""}},"ast-content-background-meta":{"desktop":{"background-color":"var(--ast-global-color-5)","background-image":"","background-repeat":"repeat","background-position":"center center","background-size":"auto","background-attachment":"scroll","background-type":"","background-media":"","overlay-type":"","overlay-color":"","overlay-opacity":"","overlay-gradient":""},"tablet":{"background-color":"var(--ast-global-color-5)","background-image":"","background-repeat":"repeat","background-position":"center center","background-size":"auto","background-attachment":"scroll","background-type":"","background-media":"","overlay-type":"","overlay-color":"","overlay-opacity":"","overlay-gradient":""},"mobile":{"background-color":"var(--ast-global-color-5)","background-image":"","background-repeat":"repeat","background-position":"center center","background-size":"auto","background-attachment":"scroll","background-type":"","background-media":"","overlay-type":"","overlay-color":"","overlay-opacity":"","overlay-gradient":""}},"footnotes":""},"categories":[1],"tags":[],"yoast_head":"<!-- This site is optimized with the Yoast SEO plugin v23.3 - https:\/\/yoast.com\/wordpress\/plugins\/seo\/ -->\n<title>Cursos gr\u00e1tis do Governo da Col\u00f4mbia: Cadastre-se e comece j\u00e1 - BeeWebs<\/title>\n<meta name=\"description\" content=\"Cursos gr\u00e1tis do Governo da Col\u00f4mbia: capacita\u00e7\u00e3o online, acess\u00edvel e gratuita para ampliar suas habilidades e oportunidades profissionais.\" \/>\n<meta name=\"robots\" content=\"index, follow, max-snippet:-1, max-image-preview:large, max-video-preview:-1\" \/>\n<link rel=\"canonical\" href=\"https:\/\/beewebs.com\/ro\/cursos-gratis-do-governo-da-colombia-cadastre-se-e-comece-ja\/\" \/>\n<meta property=\"og:locale\" content=\"ro_RO\" \/>\n<meta property=\"og:type\" content=\"article\" \/>\n<meta property=\"og:title\" content=\"Cursos gr\u00e1tis do Governo da Col\u00f4mbia: Cadastre-se e comece j\u00e1 - BeeWebs\" \/>\n<meta property=\"og:description\" content=\"Cursos gr\u00e1tis do Governo da Col\u00f4mbia: capacita\u00e7\u00e3o online, acess\u00edvel e gratuita para ampliar suas habilidades e oportunidades profissionais.\" \/>\n<meta property=\"og:url\" content=\"https:\/\/beewebs.com\/ro\/cursos-gratis-do-governo-da-colombia-cadastre-se-e-comece-ja\/\" \/>\n<meta property=\"og:site_name\" content=\"BeeWebs\" \/>\n<meta property=\"article:published_time\" content=\"2025-08-10T16:58:32+00:00\" \/>\n<meta property=\"article:modified_time\" content=\"2025-08-10T16:58:36+00:00\" \/>\n<meta property=\"og:image\" content=\"https:\/\/beewebs.com\/wp-content\/uploads\/sites\/130\/2025\/08\/Design-sem-nome-2025-08-10T111633.147-2.jpg\" \/>\n\t<meta property=\"og:image:width\" content=\"1200\" \/>\n\t<meta property=\"og:image:height\" content=\"625\" \/>\n\t<meta property=\"og:image:type\" content=\"image\/jpeg\" \/>\n<meta name=\"author\" content=\"renataarschmidt\" \/>\n<meta name=\"twitter:card\" content=\"summary_large_image\" \/>\n<meta name=\"twitter:label1\" content=\"Written by\" \/>\n\t<meta name=\"twitter:data1\" content=\"renataarschmidt\" \/>\n\t<meta name=\"twitter:label2\" content=\"Est. reading time\" \/>\n\t<meta name=\"twitter:data2\" content=\"10 minute\" \/>\n<script type=\"application\/ld+json\" class=\"yoast-schema-graph\">{\"@context\":\"https:\/\/schema.org\",\"@graph\":[{\"@type\":\"Article\",\"@id\":\"https:\/\/beewebs.com\/cursos-gratis-do-governo-da-colombia-cadastre-se-e-comece-ja\/#article\",\"isPartOf\":{\"@id\":\"https:\/\/beewebs.com\/cursos-gratis-do-governo-da-colombia-cadastre-se-e-comece-ja\/\"},\"author\":{\"name\":\"renataarschmidt\",\"@id\":\"https:\/\/beewebs.com\/#\/schema\/person\/35160c75f5def45316108c1235e1f5f2\"},\"headline\":\"Cursos gr\u00e1tis do Governo da Col\u00f4mbia: Cadastre-se e comece j\u00e1\",\"datePublished\":\"2025-08-10T16:58:32+00:00\",\"dateModified\":\"2025-08-10T16:58:36+00:00\",\"mainEntityOfPage\":{\"@id\":\"https:\/\/beewebs.com\/cursos-gratis-do-governo-da-colombia-cadastre-se-e-comece-ja\/\"},\"wordCount\":1697,\"commentCount\":0,\"publisher\":{\"@id\":\"https:\/\/beewebs.com\/#organization\"},\"image\":{\"@id\":\"https:\/\/beewebs.com\/cursos-gratis-do-governo-da-colombia-cadastre-se-e-comece-ja\/#primaryimage\"},\"thumbnailUrl\":\"https:\/\/beewebs.com\/wp-content\/uploads\/sites\/130\/2025\/08\/Design-sem-nome-2025-08-10T111633.147-2.jpg\",\"articleSection\":[\"Cursos gratuitos\"],\"inLanguage\":\"ro-RO\",\"potentialAction\":[{\"@type\":\"CommentAction\",\"name\":\"Comment\",\"target\":[\"https:\/\/beewebs.com\/cursos-gratis-do-governo-da-colombia-cadastre-se-e-comece-ja\/#respond\"]}]},{\"@type\":\"WebPage\",\"@id\":\"https:\/\/beewebs.com\/cursos-gratis-do-governo-da-colombia-cadastre-se-e-comece-ja\/\",\"url\":\"https:\/\/beewebs.com\/cursos-gratis-do-governo-da-colombia-cadastre-se-e-comece-ja\/\",\"name\":\"Cursos gr\u00e1tis do Governo da Col\u00f4mbia: Cadastre-se e comece j\u00e1 - BeeWebs\",\"isPartOf\":{\"@id\":\"https:\/\/beewebs.com\/#website\"},\"primaryImageOfPage\":{\"@id\":\"https:\/\/beewebs.com\/cursos-gratis-do-governo-da-colombia-cadastre-se-e-comece-ja\/#primaryimage\"},\"image\":{\"@id\":\"https:\/\/beewebs.com\/cursos-gratis-do-governo-da-colombia-cadastre-se-e-comece-ja\/#primaryimage\"},\"thumbnailUrl\":\"https:\/\/beewebs.com\/wp-content\/uploads\/sites\/130\/2025\/08\/Design-sem-nome-2025-08-10T111633.147-2.jpg\",\"datePublished\":\"2025-08-10T16:58:32+00:00\",\"dateModified\":\"2025-08-10T16:58:36+00:00\",\"description\":\"Cursos gr\u00e1tis do Governo da Col\u00f4mbia: capacita\u00e7\u00e3o online, acess\u00edvel e gratuita para ampliar suas habilidades e oportunidades profissionais.\",\"breadcrumb\":{\"@id\":\"https:\/\/beewebs.com\/cursos-gratis-do-governo-da-colombia-cadastre-se-e-comece-ja\/#breadcrumb\"},\"inLanguage\":\"ro-RO\",\"potentialAction\":[{\"@type\":\"ReadAction\",\"target\":[\"https:\/\/beewebs.com\/cursos-gratis-do-governo-da-colombia-cadastre-se-e-comece-ja\/\"]}]},{\"@type\":\"ImageObject\",\"inLanguage\":\"ro-RO\",\"@id\":\"https:\/\/beewebs.com\/cursos-gratis-do-governo-da-colombia-cadastre-se-e-comece-ja\/#primaryimage\",\"url\":\"https:\/\/beewebs.com\/wp-content\/uploads\/sites\/130\/2025\/08\/Design-sem-nome-2025-08-10T111633.147-2.jpg\",\"contentUrl\":\"https:\/\/beewebs.com\/wp-content\/uploads\/sites\/130\/2025\/08\/Design-sem-nome-2025-08-10T111633.147-2.jpg\",\"width\":1200,\"height\":625,\"caption\":\"Fonte: Canva\"},{\"@type\":\"BreadcrumbList\",\"@id\":\"https:\/\/beewebs.com\/cursos-gratis-do-governo-da-colombia-cadastre-se-e-comece-ja\/#breadcrumb\",\"itemListElement\":[{\"@type\":\"ListItem\",\"position\":1,\"name\":\"Home\",\"item\":\"https:\/\/beewebs.com\/\"},{\"@type\":\"ListItem\",\"position\":2,\"name\":\"Cursos gr\u00e1tis do Governo da Col\u00f4mbia: Cadastre-se e comece j\u00e1\"}]},{\"@type\":\"WebSite\",\"@id\":\"https:\/\/beewebs.com\/#website\",\"url\":\"https:\/\/beewebs.com\/\",\"name\":\"BeeWebs\",\"description\":\"\",\"publisher\":{\"@id\":\"https:\/\/beewebs.com\/#organization\"},\"potentialAction\":[{\"@type\":\"SearchAction\",\"target\":{\"@type\":\"EntryPoint\",\"urlTemplate\":\"https:\/\/beewebs.com\/?s={search_term_string}\"},\"query-input\":\"required name=search_term_string\"}],\"inLanguage\":\"ro-RO\"},{\"@type\":\"Organization\",\"@id\":\"https:\/\/beewebs.com\/#organization\",\"name\":\"BeeWebs\",\"url\":\"https:\/\/beewebs.com\/\",\"logo\":{\"@type\":\"ImageObject\",\"inLanguage\":\"ro-RO\",\"@id\":\"https:\/\/beewebs.com\/#\/schema\/logo\/image\/\",\"url\":\"https:\/\/beewebs.com\/wp-content\/uploads\/sites\/130\/2025\/06\/BeeWebs-news.png\",\"contentUrl\":\"https:\/\/beewebs.com\/wp-content\/uploads\/sites\/130\/2025\/06\/BeeWebs-news.png\",\"width\":180,\"height\":60,\"caption\":\"BeeWebs\"},\"image\":{\"@id\":\"https:\/\/beewebs.com\/#\/schema\/logo\/image\/\"}},{\"@type\":\"Person\",\"@id\":\"https:\/\/beewebs.com\/#\/schema\/person\/35160c75f5def45316108c1235e1f5f2\",\"name\":\"renataarschmidt\",\"image\":{\"@type\":\"ImageObject\",\"inLanguage\":\"ro-RO\",\"@id\":\"https:\/\/beewebs.com\/#\/schema\/person\/image\/\",\"url\":\"https:\/\/secure.gravatar.com\/avatar\/57057dd970ba0464eaa86d13df8df7a1?s=96&d=mm&r=g\",\"contentUrl\":\"https:\/\/secure.gravatar.com\/avatar\/57057dd970ba0464eaa86d13df8df7a1?s=96&d=mm&r=g\",\"caption\":\"renataarschmidt\"},\"description\":\"Renata Schmidt tem forma\u00e7\u00e3o em Hist\u00f3ria e Letras em curso. A escrita \u00e9 sua paix\u00e3o e ferramenta de trabalho, assim, permitindo explorar diversos nichos, criando conte\u00fados envolventes e informativos para os mais variados p\u00fablicos com sua atua\u00e7\u00e3o como redatora.\",\"url\":\"https:\/\/beewebs.com\/ro\/author\/renataarschmidt\/\"}]}<\/script>\n<!-- \/ Yoast SEO plugin. -->","yoast_head_json":{"title":"Cursos gr\u00e1tis do Governo da Col\u00f4mbia: Cadastre-se e comece j\u00e1 - BeeWebs","description":"Cursos gr\u00e1tis do Governo da Col\u00f4mbia: capacita\u00e7\u00e3o online, acess\u00edvel e gratuita para ampliar suas habilidades e oportunidades profissionais.","robots":{"index":"index","follow":"follow","max-snippet":"max-snippet:-1","max-image-preview":"max-image-preview:large","max-video-preview":"max-video-preview:-1"},"canonical":"https:\/\/beewebs.com\/ro\/cursos-gratis-do-governo-da-colombia-cadastre-se-e-comece-ja\/","og_locale":"ro_RO","og_type":"article","og_title":"Cursos gr\u00e1tis do Governo da Col\u00f4mbia: Cadastre-se e comece j\u00e1 - BeeWebs","og_description":"Cursos gr\u00e1tis do Governo da Col\u00f4mbia: capacita\u00e7\u00e3o online, acess\u00edvel e gratuita para ampliar suas habilidades e oportunidades profissionais.","og_url":"https:\/\/beewebs.com\/ro\/cursos-gratis-do-governo-da-colombia-cadastre-se-e-comece-ja\/","og_site_name":"BeeWebs","article_published_time":"2025-08-10T16:58:32+00:00","article_modified_time":"2025-08-10T16:58:36+00:00","og_image":[{"width":1200,"height":625,"url":"https:\/\/beewebs.com\/wp-content\/uploads\/sites\/130\/2025\/08\/Design-sem-nome-2025-08-10T111633.147-2.jpg","type":"image\/jpeg"}],"author":"renataarschmidt","twitter_card":"summary_large_image","twitter_misc":{"Written by":"renataarschmidt","Est. reading time":"10 minute"},"schema":{"@context":"https:\/\/schema.org","@graph":[{"@type":"Article","@id":"https:\/\/beewebs.com\/cursos-gratis-do-governo-da-colombia-cadastre-se-e-comece-ja\/#article","isPartOf":{"@id":"https:\/\/beewebs.com\/cursos-gratis-do-governo-da-colombia-cadastre-se-e-comece-ja\/"},"author":{"name":"renataarschmidt","@id":"https:\/\/beewebs.com\/#\/schema\/person\/35160c75f5def45316108c1235e1f5f2"},"headline":"Cursos gr\u00e1tis do Governo da Col\u00f4mbia: Cadastre-se e comece j\u00e1","datePublished":"2025-08-10T16:58:32+00:00","dateModified":"2025-08-10T16:58:36+00:00","mainEntityOfPage":{"@id":"https:\/\/beewebs.com\/cursos-gratis-do-governo-da-colombia-cadastre-se-e-comece-ja\/"},"wordCount":1697,"commentCount":0,"publisher":{"@id":"https:\/\/beewebs.com\/#organization"},"image":{"@id":"https:\/\/beewebs.com\/cursos-gratis-do-governo-da-colombia-cadastre-se-e-comece-ja\/#primaryimage"},"thumbnailUrl":"https:\/\/beewebs.com\/wp-content\/uploads\/sites\/130\/2025\/08\/Design-sem-nome-2025-08-10T111633.147-2.jpg","articleSection":["Cursos gratuitos"],"inLanguage":"ro-RO","potentialAction":[{"@type":"CommentAction","name":"Comment","target":["https:\/\/beewebs.com\/cursos-gratis-do-governo-da-colombia-cadastre-se-e-comece-ja\/#respond"]}]},{"@type":"WebPage","@id":"https:\/\/beewebs.com\/cursos-gratis-do-governo-da-colombia-cadastre-se-e-comece-ja\/","url":"https:\/\/beewebs.com\/cursos-gratis-do-governo-da-colombia-cadastre-se-e-comece-ja\/","name":"Cursos gr\u00e1tis do Governo da Col\u00f4mbia: Cadastre-se e comece j\u00e1 - BeeWebs","isPartOf":{"@id":"https:\/\/beewebs.com\/#website"},"primaryImageOfPage":{"@id":"https:\/\/beewebs.com\/cursos-gratis-do-governo-da-colombia-cadastre-se-e-comece-ja\/#primaryimage"},"image":{"@id":"https:\/\/beewebs.com\/cursos-gratis-do-governo-da-colombia-cadastre-se-e-comece-ja\/#primaryimage"},"thumbnailUrl":"https:\/\/beewebs.com\/wp-content\/uploads\/sites\/130\/2025\/08\/Design-sem-nome-2025-08-10T111633.147-2.jpg","datePublished":"2025-08-10T16:58:32+00:00","dateModified":"2025-08-10T16:58:36+00:00","description":"Cursos gr\u00e1tis do Governo da Col\u00f4mbia: capacita\u00e7\u00e3o online, acess\u00edvel e gratuita para ampliar suas habilidades e oportunidades profissionais.","breadcrumb":{"@id":"https:\/\/beewebs.com\/cursos-gratis-do-governo-da-colombia-cadastre-se-e-comece-ja\/#breadcrumb"},"inLanguage":"ro-RO","potentialAction":[{"@type":"ReadAction","target":["https:\/\/beewebs.com\/cursos-gratis-do-governo-da-colombia-cadastre-se-e-comece-ja\/"]}]},{"@type":"ImageObject","inLanguage":"ro-RO","@id":"https:\/\/beewebs.com\/cursos-gratis-do-governo-da-colombia-cadastre-se-e-comece-ja\/#primaryimage","url":"https:\/\/beewebs.com\/wp-content\/uploads\/sites\/130\/2025\/08\/Design-sem-nome-2025-08-10T111633.147-2.jpg","contentUrl":"https:\/\/beewebs.com\/wp-content\/uploads\/sites\/130\/2025\/08\/Design-sem-nome-2025-08-10T111633.147-2.jpg","width":1200,"height":625,"caption":"Fonte: Canva"},{"@type":"BreadcrumbList","@id":"https:\/\/beewebs.com\/cursos-gratis-do-governo-da-colombia-cadastre-se-e-comece-ja\/#breadcrumb","itemListElement":[{"@type":"ListItem","position":1,"name":"Home","item":"https:\/\/beewebs.com\/"},{"@type":"ListItem","position":2,"name":"Cursos gr\u00e1tis do Governo da Col\u00f4mbia: Cadastre-se e comece j\u00e1"}]},{"@type":"WebSite","@id":"https:\/\/beewebs.com\/#website","url":"https:\/\/beewebs.com\/","name":"BeeWebs","description":"","publisher":{"@id":"https:\/\/beewebs.com\/#organization"},"potentialAction":[{"@type":"SearchAction","target":{"@type":"EntryPoint","urlTemplate":"https:\/\/beewebs.com\/?s={search_term_string}"},"query-input":"required name=search_term_string"}],"inLanguage":"ro-RO"},{"@type":"Organization","@id":"https:\/\/beewebs.com\/#organization","name":"BeeWebs","url":"https:\/\/beewebs.com\/","logo":{"@type":"ImageObject","inLanguage":"ro-RO","@id":"https:\/\/beewebs.com\/#\/schema\/logo\/image\/","url":"https:\/\/beewebs.com\/wp-content\/uploads\/sites\/130\/2025\/06\/BeeWebs-news.png","contentUrl":"https:\/\/beewebs.com\/wp-content\/uploads\/sites\/130\/2025\/06\/BeeWebs-news.png","width":180,"height":60,"caption":"BeeWebs"},"image":{"@id":"https:\/\/beewebs.com\/#\/schema\/logo\/image\/"}},{"@type":"Person","@id":"https:\/\/beewebs.com\/#\/schema\/person\/35160c75f5def45316108c1235e1f5f2","name":"renataarschmidt","image":{"@type":"ImageObject","inLanguage":"ro-RO","@id":"https:\/\/beewebs.com\/#\/schema\/person\/image\/","url":"https:\/\/secure.gravatar.com\/avatar\/57057dd970ba0464eaa86d13df8df7a1?s=96&d=mm&r=g","contentUrl":"https:\/\/secure.gravatar.com\/avatar\/57057dd970ba0464eaa86d13df8df7a1?s=96&d=mm&r=g","caption":"renataarschmidt"},"description":"Renata Schmidt tem forma\u00e7\u00e3o em Hist\u00f3ria e Letras em curso. A escrita \u00e9 sua paix\u00e3o e ferramenta de trabalho, assim, permitindo explorar diversos nichos, criando conte\u00fados envolventes e informativos para os mais variados p\u00fablicos com sua atua\u00e7\u00e3o como redatora.","url":"https:\/\/beewebs.com\/ro\/author\/renataarschmidt\/"}]}},"uagb_featured_image_src":{"full":["https:\/\/beewebs.com\/wp-content\/uploads\/sites\/130\/2025\/08\/Design-sem-nome-2025-08-10T111633.147-2.jpg",1200,625,false],"thumbnail":["https:\/\/beewebs.com\/wp-content\/uploads\/sites\/130\/2025\/08\/Design-sem-nome-2025-08-10T111633.147-2-150x150.jpg",150,150,true],"medium":["https:\/\/beewebs.com\/wp-content\/uploads\/sites\/130\/2025\/08\/Design-sem-nome-2025-08-10T111633.147-2-300x156.jpg",300,156,true],"medium_large":["https:\/\/beewebs.com\/wp-content\/uploads\/sites\/130\/2025\/08\/Design-sem-nome-2025-08-10T111633.147-2-768x400.jpg",768,400,true],"large":["https:\/\/beewebs.com\/wp-content\/uploads\/sites\/130\/2025\/08\/Design-sem-nome-2025-08-10T111633.147-2-1024x533.jpg",1024,533,true],"1536x1536":["https:\/\/beewebs.com\/wp-content\/uploads\/sites\/130\/2025\/08\/Design-sem-nome-2025-08-10T111633.147-2.jpg",1200,625,false],"2048x2048":["https:\/\/beewebs.com\/wp-content\/uploads\/sites\/130\/2025\/08\/Design-sem-nome-2025-08-10T111633.147-2.jpg",1200,625,false],"trp-custom-language-flag":["https:\/\/beewebs.com\/wp-content\/uploads\/sites\/130\/2025\/08\/Design-sem-nome-2025-08-10T111633.147-2-18x9.jpg",18,9,true]},"uagb_author_info":{"display_name":"renataarschmidt","author_link":"https:\/\/beewebs.com\/ro\/author\/renataarschmidt\/"},"uagb_comment_info":9,"uagb_excerpt":"Os cursos gr\u00e1tis do Governo da Col\u00f4mbia abrem muitas portas para aqueles que buscam uma qualifica\u00e7\u00e3o real e efetiva. Em [&hellip;]","_links":{"self":[{"href":"https:\/\/beewebs.com\/ro\/wp-json\/wp\/v2\/posts\/3668"}],"collection":[{"href":"https:\/\/beewebs.com\/ro\/wp-json\/wp\/v2\/posts"}],"about":[{"href":"https:\/\/beewebs.com\/ro\/wp-json\/wp\/v2\/types\/post"}],"author":[{"embeddable":true,"href":"https:\/\/beewebs.com\/ro\/wp-json\/wp\/v2\/users\/106"}],"replies":[{"embeddable":true,"href":"https:\/\/beewebs.com\/ro\/wp-json\/wp\/v2\/comments?post=3668"}],"version-history":[{"count":1,"href":"https:\/\/beewebs.com\/ro\/wp-json\/wp\/v2\/posts\/3668\/revisions"}],"predecessor-version":[{"id":3669,"href":"https:\/\/beewebs.com\/ro\/wp-json\/wp\/v2\/posts\/3668\/revisions\/3669"}],"wp:featuredmedia":[{"embeddable":true,"href":"https:\/\/beewebs.com\/ro\/wp-json\/wp\/v2\/media\/3653"}],"wp:attachment":[{"href":"https:\/\/beewebs.com\/ro\/wp-json\/wp\/v2\/media?parent=3668"}],"wp:term":[{"taxonomy":"category","embeddable":true,"href":"https:\/\/beewebs.com\/ro\/wp-json\/wp\/v2\/categories?post=3668"},{"taxonomy":"post_tag","embeddable":true,"href":"https:\/\/beewebs.com\/ro\/wp-json\/wp\/v2\/tags?post=3668"}],"curies":[{"name":"wp","href":"https:\/\/api.w.org\/{rel}","templated":true}]}}