{"id":3071,"date":"2025-04-12T01:12:42","date_gmt":"2025-04-12T01:12:42","guid":{"rendered":"https:\/\/beewebs.com\/?p=3071"},"modified":"2025-04-12T01:12:45","modified_gmt":"2025-04-12T01:12:45","slug":"conciliando-atividades-academicas-e-profissionais-facilmente","status":"publish","type":"post","link":"https:\/\/beewebs.com\/ro\/conciliando-atividades-academicas-e-profissionais-facilmente\/","title":{"rendered":"Conciliando atividades acad\u00eamicas e profissionais"},"content":{"rendered":"<p><\/p>\n\n\n<h2><span data-sheets-root=\"1\">Conciliando atividades acad\u00eamicas e profissionais<\/span> facilmente<\/h2>\n<p>Conciliar atividades acad\u00eamicas e profissionais pode ser um desafio, mas com o gerenciamento adequado do tempo, \u00e9 poss\u00edvel alcan\u00e7ar um equil\u00edbrio saud\u00e1vel. A implementa\u00e7\u00e3o de estrat\u00e9gias eficazes permite que o indiv\u00edduo consiga lidar com m\u00faltiplas responsabilidades sem sobrecarregar-se. Organizar e priorizar tarefas s\u00e3o essenciais para garantir produtividade e bem-estar.<\/p>\n<p>As t\u00e9cnicas de gerenciamento de tempo, como dividir tarefas em partes menores e utilizar ferramentas de planejamento, ajudam a maximizar o rendimento. Al\u00e9m disso, a flexibilidade e a adapta\u00e7\u00e3o s\u00e3o componentes importantes para lidar com mudan\u00e7as nas demandas. Essas pr\u00e1ticas n\u00e3o apenas reduzem o estresse, mas tamb\u00e9m melhoram a performance nas atividades acad\u00eamicas e profissionais.<\/p>\n<h2 id=\"comofuncionamasestratgiasdegerenciamentodetempo\">Como funcionam as estrat\u00e9gias de gerenciamento de tempo<\/h2>\n<p>As estrat\u00e9gias de gerenciamento de tempo s\u00e3o fundamentais para qualquer pessoa que busca equilibrar suas atividades acad\u00eamicas e profissionais. Essas estrat\u00e9gias envolvem a cria\u00e7\u00e3o de um plano estruturado que permite que o indiv\u00edduo identifique suas prioridades, estabele\u00e7a metas realistas e aloque o tempo necess\u00e1rio para cada tarefa. O gerenciamento eficaz do tempo n\u00e3o apenas ajuda a evitar o estresse e a sobrecarga, mas tamb\u00e9m promove uma maior produtividade e efici\u00eancia. Ao implementar t\u00e9cnicas de gerenciamento de tempo, os estudantes e profissionais conseguem maximizar seus resultados, mesmo quando est\u00e3o lidando com m\u00faltiplas responsabilidades.<\/p>\n<p>Uma das principais abordagens no gerenciamento de tempo \u00e9 a t\u00e9cnica de dividir tarefas em partes menores e mais gerenci\u00e1veis. Isso permite que a pessoa se concentre em uma atividade de cada vez, aumentando a concentra\u00e7\u00e3o e a qualidade do trabalho realizado. Al\u00e9m disso, o uso de ferramentas e aplicativos de planejamento pode facilitar ainda mais esse processo, oferecendo lembretes e cronogramas que ajudam a manter o foco nas prioridades. A ado\u00e7\u00e3o de um cronograma regular, que inclua per\u00edodos de estudo e trabalho, \u00e9 essencial para garantir que ambas as \u00e1reas recebam a aten\u00e7\u00e3o necess\u00e1ria.<\/p>\n<p>Outra estrat\u00e9gia importante \u00e9 a pr\u00e1tica da autoavalia\u00e7\u00e3o regular. Isso envolve refletir sobre o que est\u00e1 funcionando e o que pode ser melhorado em termos de gerenciamento de tempo. Ao fazer isso, o indiv\u00edduo pode ajustar suas abordagens e t\u00e9cnicas para se adequar melhor \u00e0s suas necessidades e estilo de vida. A flexibilidade \u00e9 um componente chave, pois as circunst\u00e2ncias podem mudar, e \u00e9 vital que a pessoa esteja disposta a adaptar seu plano conforme necess\u00e1rio. Essa adaptabilidade permite que o gerenciamento do tempo seja um processo din\u00e2mico e em constante evolu\u00e7\u00e3o.<\/p>\n<p>Por fim, o gerenciamento de tempo tamb\u00e9m envolve a capacidade de estabelecer limites. Isso significa aprender a dizer n\u00e3o a compromissos que n\u00e3o s\u00e3o essenciais ou que podem interferir nas prioridades acad\u00eamicas e profissionais. Ao definir limites claros, o indiv\u00edduo pode proteger seu tempo e energia, garantindo que possa se dedicar adequadamente a suas responsabilidades. Essa pr\u00e1tica n\u00e3o s\u00f3 ajuda a manter o foco, mas tamb\u00e9m contribui para um equil\u00edbrio saud\u00e1vel entre vida pessoal, acad\u00eamica e profissional.<\/p>\n<h2 id=\"vantagensdeconciliandoatividadesacadmicaseprofissionais\">Vantagens de conciliando atividades acad\u00eamicas e profissionais<\/h2>\n<p>Conciliar atividades acad\u00eamicas e profissionais traz uma s\u00e9rie de vantagens que podem impactar positivamente a vida de um indiv\u00edduo. Uma das principais vantagens \u00e9 o desenvolvimento de habilidades de gerenciamento de tempo. Ao lidar com prazos e responsabilidades em ambas as \u00e1reas, o estudante ou profissional aprende a organizar seu tempo de maneira mais eficiente, o que \u00e9 uma habilidade valiosa em qualquer carreira. Essa capacidade de gerenciar o tempo n\u00e3o apenas ajuda a cumprir com as obriga\u00e7\u00f5es, mas tamb\u00e9m a priorizar tarefas de forma eficaz.<\/p>\n<p>Outra vantagem significativa \u00e9 a oportunidade de aplicar o conhecimento acad\u00eamico na pr\u00e1tica profissional. Quando os estudantes t\u00eam a chance de trabalhar enquanto estudam, eles podem integrar a teoria com a pr\u00e1tica, o que enriquece sua compreens\u00e3o do conte\u00fado aprendido. Essa aplica\u00e7\u00e3o pr\u00e1tica do conhecimento n\u00e3o s\u00f3 torna o aprendizado mais significativo, mas tamb\u00e9m prepara o indiv\u00edduo para os desafios do mercado de trabalho. Os empregadores frequentemente valorizam candidatos que possuem experi\u00eancia pr\u00e1tica, tornando essa combina\u00e7\u00e3o ainda mais atraente.<\/p>\n<p>Al\u00e9m disso, a concilia\u00e7\u00e3o de estudos e trabalho pode resultar em uma rede de contatos mais ampla. Ao interagir com colegas de trabalho e profissionais da \u00e1rea, o estudante tem a oportunidade de construir relacionamentos que podem ser ben\u00e9ficos para sua carreira futura. Networking \u00e9 uma parte crucial do desenvolvimento profissional, e estar em um ambiente de trabalho enquanto ainda est\u00e1 na academia pode facilitar a constru\u00e7\u00e3o dessas conex\u00f5es. Essas rela\u00e7\u00f5es podem abrir portas para est\u00e1gios, mentorias e at\u00e9 mesmo oportunidades de emprego ap\u00f3s a gradua\u00e7\u00e3o.<\/p>\n<p>Por \u00faltimo, a capacidade de equilibrar atividades acad\u00eamicas e profissionais pode aumentar a autoconfian\u00e7a e a autoestima do indiv\u00edduo. Ao conseguir lidar com m\u00faltiplas responsabilidades e alcan\u00e7ar suas metas, a pessoa se sente mais realizada e capaz. Essa sensa\u00e7\u00e3o de conquista pode se traduzir em uma atitude mais positiva em rela\u00e7\u00e3o aos desafios futuros, tanto na vida acad\u00eamica quanto na carreira. Com a autoconfian\u00e7a elevada, o indiv\u00edduo pode se sentir mais preparado para buscar novas oportunidades e enfrentar os desafios que surgirem em seu caminho.<\/p>\n<h2 id=\"comoorganizarsuarotinaparaequilibrarestudoetrabalho\">Como organizar sua rotina para equilibrar estudo e trabalho<\/h2>\n<ul>\n<li>Defina <em>prioridades<\/em> claras entre estudo e trabalho. \u00c9 essencial saber quais tarefas s\u00e3o mais importantes e urgentes. Isso ajuda a direcionar o foco e a energia para o que realmente importa, evitando distra\u00e7\u00f5es e procrastina\u00e7\u00e3o.<\/li>\n<li>Utilize <em>ferramentas de planejamento<\/em> para otimizar seu tempo. Aplicativos de calend\u00e1rio, listas de tarefas e ferramentas de gerenciamento de projetos podem ser extremamente \u00fateis para manter tudo organizado e sob controle.<\/li>\n<li>Estabele\u00e7a <em>hor\u00e1rios fixos<\/em> para cada atividade. Criar uma rotina onde voc\u00ea dedica hor\u00e1rios espec\u00edficos para estudar e trabalhar pode ajudar a criar um ritmo que favore\u00e7a a produtividade e a efici\u00eancia.<\/li>\n<li>Aprenda a dizer <em>n\u00e3o<\/em> para compromissos desnecess\u00e1rios. \u00c9 importante reconhecer seus limites e n\u00e3o se sobrecarregar com atividades que n\u00e3o contribuem para suas metas acad\u00eamicas ou profissionais.<\/li>\n<li>Fa\u00e7a <em>pausas regulares<\/em> para aumentar a produtividade. O descanso \u00e9 fundamental para manter a mente fresca e focada. Breves intervalos podem ajudar a revitalizar a energia e melhorar a concentra\u00e7\u00e3o.<\/li>\n<li>Revise e ajuste sua rotina conforme necess\u00e1rio. A vida \u00e9 din\u00e2mica e suas necessidades podem mudar. Revisar regularmente seu planejamento e fazer ajustes pode garantir que voc\u00ea esteja sempre no caminho certo para alcan\u00e7ar seus objetivos.<\/li>\n<\/ul>\n<p>Organizar sua rotina de forma eficaz \u00e9 um passo crucial para equilibrar estudos e trabalho. Com as estrat\u00e9gias corretas, \u00e9 poss\u00edvel maximizar sua produtividade e garantir que voc\u00ea esteja progredindo em ambas as \u00e1reas. A chave \u00e9 encontrar um sistema que funcione para voc\u00ea e que possa ser adaptado conforme suas necessidades mudam.<\/p>\n<h2 id=\"gostoudeconhecercomoconciliandoatividadesacadmicaseprofissionaispodetransformarsuavida\">Gostou de conhecer como conciliando atividades acad\u00eamicas e profissionais pode transformar sua vida?<\/h2>\n<p>Conciliar atividades acad\u00eamicas e profissionais \u00e9 um desafio, mas com as estrat\u00e9gias certas, \u00e9 poss\u00edvel alcan\u00e7ar um equil\u00edbrio saud\u00e1vel. Explore mais sobre como essa harmoniza\u00e7\u00e3o pode beneficiar sua carreira e educa\u00e7\u00e3o. Ao aplicar as dicas e t\u00e9cnicas discutidas, voc\u00ea poder\u00e1 moldar uma rotina que n\u00e3o apenas atenda \u00e0s suas necessidades, mas que tamb\u00e9m enrique\u00e7a sua experi\u00eancia de aprendizado e crescimento profissional.<\/p>\n<p>A jornada de equilibrar estudos e trabalho pode ser intensa, mas as recompensas s\u00e3o imensas. Ao investir tempo e esfor\u00e7o nesse equil\u00edbrio, voc\u00ea se prepara para um futuro mais promissor, onde suas conquistas acad\u00eamicas e profissionais se complementam e se fortalecem mutuamente. Continue explorando e aprendendo sobre como gerenciar seu tempo e prioridades para alcan\u00e7ar o sucesso desejado.<\/p>\n<h2 id=\"perguntasfrequentes\">Perguntas frequentes<\/h2>\n<h3 id=\"comoeupossocomearaconciliaratividadesacadmicaseprofissionais\">Como eu posso come\u00e7ar a conciliar atividades acad\u00eamicas e profissionais?<\/h3>\n<p>Voc\u00ea pode come\u00e7ar definindo um cronograma. Organize suas tarefas e estabele\u00e7a prioridades. Use listas para n\u00e3o esquecer nada!<\/p>\n<h3 id=\"quaissodicasparagerenciarmeutempoentreestudosetrabalho\">Quais s\u00e3o dicas para gerenciar meu tempo entre estudos e trabalho?<\/h3>\n<p>Use t\u00e9cnicas como Pomodoro. Estude 25 minutos, depois fa\u00e7a uma pausa de 5. Isso ajuda a manter o foco e a energia.<\/p>\n<h3 id=\"possvelestudaretrabalharaomesmotempo\">\u00c9 poss\u00edvel estudar e trabalhar ao mesmo tempo?<\/h3>\n<p>Sim, \u00e9 totalmente poss\u00edvel. Muitas pessoas fazem isso. Com planejamento e disciplina, voc\u00ea consegue!<\/p>\n<h3 id=\"comolidarcomoestressedeconciliaratividadesacadmicaseprofissionais\">Como lidar com o estresse de conciliar atividades acad\u00eamicas e profissionais?<\/h3>\n<p>Reserve um tempo para relaxar. Pratique exerc\u00edcios ou medite. O descanso \u00e9 importante para manter a mente clara!<\/p>\n<h3 id=\"oquefazerseeusentirquenoconsigoconciliarasatividades\">O que fazer se eu sentir que n\u00e3o consigo conciliar as atividades?<\/h3>\n<p>Converse com um orientador ou mentor. Eles podem te ajudar a encontrar solu\u00e7\u00f5es. N\u00e3o tenha medo de pedir ajuda!<\/p>","protected":false},"excerpt":{"rendered":"<p>Descubra como conciliando atividades acad\u00eamicas e profissionais \u00e9 mais f\u00e1cil do que voc\u00ea imagina. Dicas pr\u00e1ticas para ter sucesso em ambas!<\/p>","protected":false},"author":8,"featured_media":3104,"comment_status":"open","ping_status":"open","sticky":false,"template":"","format":"standard","meta":{"_uag_custom_page_level_css":"","site-sidebar-layout":"default","site-content-layout":"","ast-site-content-layout":"default","site-content-style":"default","site-sidebar-style":"default","ast-global-header-display":"","ast-banner-title-visibility":"","ast-main-header-display":"","ast-hfb-above-header-display":"","ast-hfb-below-header-display":"","ast-hfb-mobile-header-display":"","site-post-title":"","ast-breadcrumbs-content":"","ast-featured-img":"","footer-sml-layout":"","theme-transparent-header-meta":"","adv-header-id-meta":"","stick-header-meta":"","header-above-stick-meta":"","header-main-stick-meta":"","header-below-stick-meta":"","astra-migrate-meta-layouts":"set","ast-page-background-enabled":"default","ast-page-background-meta":{"desktop":{"background-color":"var(--ast-global-color-4)","background-image":"","background-repeat":"repeat","background-position":"center center","background-size":"auto","background-attachment":"scroll","background-type":"","background-media":"","overlay-type":"","overlay-color":"","overlay-opacity":"","overlay-gradient":""},"tablet":{"background-color":"","background-image":"","background-repeat":"repeat","background-position":"center center","background-size":"auto","background-attachment":"scroll","background-type":"","background-media":"","overlay-type":"","overlay-color":"","overlay-opacity":"","overlay-gradient":""},"mobile":{"background-color":"","background-image":"","background-repeat":"repeat","background-position":"center center","background-size":"auto","background-attachment":"scroll","background-type":"","background-media":"","overlay-type":"","overlay-color":"","overlay-opacity":"","overlay-gradient":""}},"ast-content-background-meta":{"desktop":{"background-color":"var(--ast-global-color-5)","background-image":"","background-repeat":"repeat","background-position":"center center","background-size":"auto","background-attachment":"scroll","background-type":"","background-media":"","overlay-type":"","overlay-color":"","overlay-opacity":"","overlay-gradient":""},"tablet":{"background-color":"var(--ast-global-color-5)","background-image":"","background-repeat":"repeat","background-position":"center center","background-size":"auto","background-attachment":"scroll","background-type":"","background-media":"","overlay-type":"","overlay-color":"","overlay-opacity":"","overlay-gradient":""},"mobile":{"background-color":"var(--ast-global-color-5)","background-image":"","background-repeat":"repeat","background-position":"center center","background-size":"auto","background-attachment":"scroll","background-type":"","background-media":"","overlay-type":"","overlay-color":"","overlay-opacity":"","overlay-gradient":""}},"footnotes":""},"categories":[14],"tags":[],"yoast_head":"<!-- This site is optimized with the Yoast SEO plugin v23.3 - https:\/\/yoast.com\/wordpress\/plugins\/seo\/ -->\n<title>Conciliando atividades acad\u00eamicas e profissionais - BeeWebs<\/title>\n<meta name=\"description\" content=\"Descubra como conciliando atividades acad\u00eamicas e profissionais \u00e9 mais f\u00e1cil do que voc\u00ea imagina. Dicas pr\u00e1ticas para ter sucesso em ambas!\" \/>\n<meta name=\"robots\" content=\"index, follow, max-snippet:-1, max-image-preview:large, max-video-preview:-1\" \/>\n<link rel=\"canonical\" href=\"https:\/\/beewebs.com\/ro\/conciliando-atividades-academicas-e-profissionais-facilmente\/\" \/>\n<meta property=\"og:locale\" content=\"ro_RO\" \/>\n<meta property=\"og:type\" content=\"article\" \/>\n<meta property=\"og:title\" content=\"Conciliando atividades acad\u00eamicas e profissionais - BeeWebs\" \/>\n<meta property=\"og:description\" content=\"Descubra como conciliando atividades acad\u00eamicas e profissionais \u00e9 mais f\u00e1cil do que voc\u00ea imagina. Dicas pr\u00e1ticas para ter sucesso em ambas!\" \/>\n<meta property=\"og:url\" content=\"https:\/\/beewebs.com\/ro\/conciliando-atividades-academicas-e-profissionais-facilmente\/\" \/>\n<meta property=\"og:site_name\" content=\"BeeWebs\" \/>\n<meta property=\"article:published_time\" content=\"2025-04-12T01:12:42+00:00\" \/>\n<meta property=\"article:modified_time\" content=\"2025-04-12T01:12:45+00:00\" \/>\n<meta property=\"og:image\" content=\"https:\/\/beewebs.com\/wp-content\/uploads\/sites\/130\/2025\/04\/trab-1-1.png\" \/>\n\t<meta property=\"og:image:width\" content=\"1200\" \/>\n\t<meta property=\"og:image:height\" content=\"625\" \/>\n\t<meta property=\"og:image:type\" content=\"image\/png\" \/>\n<meta name=\"author\" content=\"pedrosaynovich\" \/>\n<meta name=\"twitter:card\" content=\"summary_large_image\" \/>\n<meta name=\"twitter:label1\" content=\"Written by\" \/>\n\t<meta name=\"twitter:data1\" content=\"pedrosaynovich\" \/>\n\t<meta name=\"twitter:label2\" content=\"Est. reading time\" \/>\n\t<meta name=\"twitter:data2\" content=\"8 minute\" \/>\n<script type=\"application\/ld+json\" class=\"yoast-schema-graph\">{\"@context\":\"https:\/\/schema.org\",\"@graph\":[{\"@type\":\"Article\",\"@id\":\"https:\/\/beewebs.com\/conciliando-atividades-academicas-e-profissionais-facilmente\/#article\",\"isPartOf\":{\"@id\":\"https:\/\/beewebs.com\/conciliando-atividades-academicas-e-profissionais-facilmente\/\"},\"author\":{\"name\":\"pedrosaynovich\",\"@id\":\"https:\/\/beewebs.com\/#\/schema\/person\/2352192a3f7f5d9d9dbeffff79eaf987\"},\"headline\":\"Conciliando atividades acad\u00eamicas e profissionais\",\"datePublished\":\"2025-04-12T01:12:42+00:00\",\"dateModified\":\"2025-04-12T01:12:45+00:00\",\"mainEntityOfPage\":{\"@id\":\"https:\/\/beewebs.com\/conciliando-atividades-academicas-e-profissionais-facilmente\/\"},\"wordCount\":1488,\"commentCount\":0,\"publisher\":{\"@id\":\"https:\/\/beewebs.com\/#organization\"},\"image\":{\"@id\":\"https:\/\/beewebs.com\/conciliando-atividades-academicas-e-profissionais-facilmente\/#primaryimage\"},\"thumbnailUrl\":\"https:\/\/beewebs.com\/wp-content\/uploads\/sites\/130\/2025\/04\/trab-1-1.png\",\"articleSection\":[\"Dicas\"],\"inLanguage\":\"ro-RO\",\"potentialAction\":[{\"@type\":\"CommentAction\",\"name\":\"Comment\",\"target\":[\"https:\/\/beewebs.com\/conciliando-atividades-academicas-e-profissionais-facilmente\/#respond\"]}]},{\"@type\":\"WebPage\",\"@id\":\"https:\/\/beewebs.com\/conciliando-atividades-academicas-e-profissionais-facilmente\/\",\"url\":\"https:\/\/beewebs.com\/conciliando-atividades-academicas-e-profissionais-facilmente\/\",\"name\":\"Conciliando atividades acad\u00eamicas e profissionais - BeeWebs\",\"isPartOf\":{\"@id\":\"https:\/\/beewebs.com\/#website\"},\"primaryImageOfPage\":{\"@id\":\"https:\/\/beewebs.com\/conciliando-atividades-academicas-e-profissionais-facilmente\/#primaryimage\"},\"image\":{\"@id\":\"https:\/\/beewebs.com\/conciliando-atividades-academicas-e-profissionais-facilmente\/#primaryimage\"},\"thumbnailUrl\":\"https:\/\/beewebs.com\/wp-content\/uploads\/sites\/130\/2025\/04\/trab-1-1.png\",\"datePublished\":\"2025-04-12T01:12:42+00:00\",\"dateModified\":\"2025-04-12T01:12:45+00:00\",\"description\":\"Descubra como conciliando atividades acad\u00eamicas e profissionais \u00e9 mais f\u00e1cil do que voc\u00ea imagina. Dicas pr\u00e1ticas para ter sucesso em ambas!\",\"breadcrumb\":{\"@id\":\"https:\/\/beewebs.com\/conciliando-atividades-academicas-e-profissionais-facilmente\/#breadcrumb\"},\"inLanguage\":\"ro-RO\",\"potentialAction\":[{\"@type\":\"ReadAction\",\"target\":[\"https:\/\/beewebs.com\/conciliando-atividades-academicas-e-profissionais-facilmente\/\"]}]},{\"@type\":\"ImageObject\",\"inLanguage\":\"ro-RO\",\"@id\":\"https:\/\/beewebs.com\/conciliando-atividades-academicas-e-profissionais-facilmente\/#primaryimage\",\"url\":\"https:\/\/beewebs.com\/wp-content\/uploads\/sites\/130\/2025\/04\/trab-1-1.png\",\"contentUrl\":\"https:\/\/beewebs.com\/wp-content\/uploads\/sites\/130\/2025\/04\/trab-1-1.png\",\"width\":1200,\"height\":625},{\"@type\":\"BreadcrumbList\",\"@id\":\"https:\/\/beewebs.com\/conciliando-atividades-academicas-e-profissionais-facilmente\/#breadcrumb\",\"itemListElement\":[{\"@type\":\"ListItem\",\"position\":1,\"name\":\"Home\",\"item\":\"https:\/\/beewebs.com\/\"},{\"@type\":\"ListItem\",\"position\":2,\"name\":\"Conciliando atividades acad\u00eamicas e profissionais\"}]},{\"@type\":\"WebSite\",\"@id\":\"https:\/\/beewebs.com\/#website\",\"url\":\"https:\/\/beewebs.com\/\",\"name\":\"BeeWebs\",\"description\":\"\",\"publisher\":{\"@id\":\"https:\/\/beewebs.com\/#organization\"},\"potentialAction\":[{\"@type\":\"SearchAction\",\"target\":{\"@type\":\"EntryPoint\",\"urlTemplate\":\"https:\/\/beewebs.com\/?s={search_term_string}\"},\"query-input\":\"required name=search_term_string\"}],\"inLanguage\":\"ro-RO\"},{\"@type\":\"Organization\",\"@id\":\"https:\/\/beewebs.com\/#organization\",\"name\":\"BeeWebs\",\"url\":\"https:\/\/beewebs.com\/\",\"logo\":{\"@type\":\"ImageObject\",\"inLanguage\":\"ro-RO\",\"@id\":\"https:\/\/beewebs.com\/#\/schema\/logo\/image\/\",\"url\":\"https:\/\/beewebs.com\/wp-content\/uploads\/sites\/130\/2025\/06\/BeeWebs-news.png\",\"contentUrl\":\"https:\/\/beewebs.com\/wp-content\/uploads\/sites\/130\/2025\/06\/BeeWebs-news.png\",\"width\":180,\"height\":60,\"caption\":\"BeeWebs\"},\"image\":{\"@id\":\"https:\/\/beewebs.com\/#\/schema\/logo\/image\/\"}},{\"@type\":\"Person\",\"@id\":\"https:\/\/beewebs.com\/#\/schema\/person\/2352192a3f7f5d9d9dbeffff79eaf987\",\"name\":\"pedrosaynovich\",\"image\":{\"@type\":\"ImageObject\",\"inLanguage\":\"ro-RO\",\"@id\":\"https:\/\/beewebs.com\/#\/schema\/person\/image\/\",\"url\":\"https:\/\/secure.gravatar.com\/avatar\/ae24d63a4b296976719eb7b1d4e1c7ca?s=96&d=mm&r=g\",\"contentUrl\":\"https:\/\/secure.gravatar.com\/avatar\/ae24d63a4b296976719eb7b1d4e1c7ca?s=96&d=mm&r=g\",\"caption\":\"pedrosaynovich\"},\"url\":\"https:\/\/beewebs.com\/ro\/author\/applistz\/\"}]}<\/script>\n<!-- \/ Yoast SEO plugin. -->","yoast_head_json":{"title":"Conciliando atividades acad\u00eamicas e profissionais - BeeWebs","description":"Descubra como conciliando atividades acad\u00eamicas e profissionais \u00e9 mais f\u00e1cil do que voc\u00ea imagina. Dicas pr\u00e1ticas para ter sucesso em ambas!","robots":{"index":"index","follow":"follow","max-snippet":"max-snippet:-1","max-image-preview":"max-image-preview:large","max-video-preview":"max-video-preview:-1"},"canonical":"https:\/\/beewebs.com\/ro\/conciliando-atividades-academicas-e-profissionais-facilmente\/","og_locale":"ro_RO","og_type":"article","og_title":"Conciliando atividades acad\u00eamicas e profissionais - BeeWebs","og_description":"Descubra como conciliando atividades acad\u00eamicas e profissionais \u00e9 mais f\u00e1cil do que voc\u00ea imagina. Dicas pr\u00e1ticas para ter sucesso em ambas!","og_url":"https:\/\/beewebs.com\/ro\/conciliando-atividades-academicas-e-profissionais-facilmente\/","og_site_name":"BeeWebs","article_published_time":"2025-04-12T01:12:42+00:00","article_modified_time":"2025-04-12T01:12:45+00:00","og_image":[{"width":1200,"height":625,"url":"https:\/\/beewebs.com\/wp-content\/uploads\/sites\/130\/2025\/04\/trab-1-1.png","type":"image\/png"}],"author":"pedrosaynovich","twitter_card":"summary_large_image","twitter_misc":{"Written by":"pedrosaynovich","Est. reading time":"8 minute"},"schema":{"@context":"https:\/\/schema.org","@graph":[{"@type":"Article","@id":"https:\/\/beewebs.com\/conciliando-atividades-academicas-e-profissionais-facilmente\/#article","isPartOf":{"@id":"https:\/\/beewebs.com\/conciliando-atividades-academicas-e-profissionais-facilmente\/"},"author":{"name":"pedrosaynovich","@id":"https:\/\/beewebs.com\/#\/schema\/person\/2352192a3f7f5d9d9dbeffff79eaf987"},"headline":"Conciliando atividades acad\u00eamicas e profissionais","datePublished":"2025-04-12T01:12:42+00:00","dateModified":"2025-04-12T01:12:45+00:00","mainEntityOfPage":{"@id":"https:\/\/beewebs.com\/conciliando-atividades-academicas-e-profissionais-facilmente\/"},"wordCount":1488,"commentCount":0,"publisher":{"@id":"https:\/\/beewebs.com\/#organization"},"image":{"@id":"https:\/\/beewebs.com\/conciliando-atividades-academicas-e-profissionais-facilmente\/#primaryimage"},"thumbnailUrl":"https:\/\/beewebs.com\/wp-content\/uploads\/sites\/130\/2025\/04\/trab-1-1.png","articleSection":["Dicas"],"inLanguage":"ro-RO","potentialAction":[{"@type":"CommentAction","name":"Comment","target":["https:\/\/beewebs.com\/conciliando-atividades-academicas-e-profissionais-facilmente\/#respond"]}]},{"@type":"WebPage","@id":"https:\/\/beewebs.com\/conciliando-atividades-academicas-e-profissionais-facilmente\/","url":"https:\/\/beewebs.com\/conciliando-atividades-academicas-e-profissionais-facilmente\/","name":"Conciliando atividades acad\u00eamicas e profissionais - BeeWebs","isPartOf":{"@id":"https:\/\/beewebs.com\/#website"},"primaryImageOfPage":{"@id":"https:\/\/beewebs.com\/conciliando-atividades-academicas-e-profissionais-facilmente\/#primaryimage"},"image":{"@id":"https:\/\/beewebs.com\/conciliando-atividades-academicas-e-profissionais-facilmente\/#primaryimage"},"thumbnailUrl":"https:\/\/beewebs.com\/wp-content\/uploads\/sites\/130\/2025\/04\/trab-1-1.png","datePublished":"2025-04-12T01:12:42+00:00","dateModified":"2025-04-12T01:12:45+00:00","description":"Descubra como conciliando atividades acad\u00eamicas e profissionais \u00e9 mais f\u00e1cil do que voc\u00ea imagina. Dicas pr\u00e1ticas para ter sucesso em ambas!","breadcrumb":{"@id":"https:\/\/beewebs.com\/conciliando-atividades-academicas-e-profissionais-facilmente\/#breadcrumb"},"inLanguage":"ro-RO","potentialAction":[{"@type":"ReadAction","target":["https:\/\/beewebs.com\/conciliando-atividades-academicas-e-profissionais-facilmente\/"]}]},{"@type":"ImageObject","inLanguage":"ro-RO","@id":"https:\/\/beewebs.com\/conciliando-atividades-academicas-e-profissionais-facilmente\/#primaryimage","url":"https:\/\/beewebs.com\/wp-content\/uploads\/sites\/130\/2025\/04\/trab-1-1.png","contentUrl":"https:\/\/beewebs.com\/wp-content\/uploads\/sites\/130\/2025\/04\/trab-1-1.png","width":1200,"height":625},{"@type":"BreadcrumbList","@id":"https:\/\/beewebs.com\/conciliando-atividades-academicas-e-profissionais-facilmente\/#breadcrumb","itemListElement":[{"@type":"ListItem","position":1,"name":"Home","item":"https:\/\/beewebs.com\/"},{"@type":"ListItem","position":2,"name":"Conciliando atividades acad\u00eamicas e profissionais"}]},{"@type":"WebSite","@id":"https:\/\/beewebs.com\/#website","url":"https:\/\/beewebs.com\/","name":"BeeWebs","description":"","publisher":{"@id":"https:\/\/beewebs.com\/#organization"},"potentialAction":[{"@type":"SearchAction","target":{"@type":"EntryPoint","urlTemplate":"https:\/\/beewebs.com\/?s={search_term_string}"},"query-input":"required name=search_term_string"}],"inLanguage":"ro-RO"},{"@type":"Organization","@id":"https:\/\/beewebs.com\/#organization","name":"BeeWebs","url":"https:\/\/beewebs.com\/","logo":{"@type":"ImageObject","inLanguage":"ro-RO","@id":"https:\/\/beewebs.com\/#\/schema\/logo\/image\/","url":"https:\/\/beewebs.com\/wp-content\/uploads\/sites\/130\/2025\/06\/BeeWebs-news.png","contentUrl":"https:\/\/beewebs.com\/wp-content\/uploads\/sites\/130\/2025\/06\/BeeWebs-news.png","width":180,"height":60,"caption":"BeeWebs"},"image":{"@id":"https:\/\/beewebs.com\/#\/schema\/logo\/image\/"}},{"@type":"Person","@id":"https:\/\/beewebs.com\/#\/schema\/person\/2352192a3f7f5d9d9dbeffff79eaf987","name":"pedrosaynovich","image":{"@type":"ImageObject","inLanguage":"ro-RO","@id":"https:\/\/beewebs.com\/#\/schema\/person\/image\/","url":"https:\/\/secure.gravatar.com\/avatar\/ae24d63a4b296976719eb7b1d4e1c7ca?s=96&d=mm&r=g","contentUrl":"https:\/\/secure.gravatar.com\/avatar\/ae24d63a4b296976719eb7b1d4e1c7ca?s=96&d=mm&r=g","caption":"pedrosaynovich"},"url":"https:\/\/beewebs.com\/ro\/author\/applistz\/"}]}},"uagb_featured_image_src":{"full":["https:\/\/beewebs.com\/wp-content\/uploads\/sites\/130\/2025\/04\/trab-1-1.png",1200,625,false],"thumbnail":["https:\/\/beewebs.com\/wp-content\/uploads\/sites\/130\/2025\/04\/trab-1-1-150x150.png",150,150,true],"medium":["https:\/\/beewebs.com\/wp-content\/uploads\/sites\/130\/2025\/04\/trab-1-1-300x156.png",300,156,true],"medium_large":["https:\/\/beewebs.com\/wp-content\/uploads\/sites\/130\/2025\/04\/trab-1-1-768x400.png",768,400,true],"large":["https:\/\/beewebs.com\/wp-content\/uploads\/sites\/130\/2025\/04\/trab-1-1-1024x533.png",1024,533,true],"1536x1536":["https:\/\/beewebs.com\/wp-content\/uploads\/sites\/130\/2025\/04\/trab-1-1.png",1200,625,false],"2048x2048":["https:\/\/beewebs.com\/wp-content\/uploads\/sites\/130\/2025\/04\/trab-1-1.png",1200,625,false],"trp-custom-language-flag":["https:\/\/beewebs.com\/wp-content\/uploads\/sites\/130\/2025\/04\/trab-1-1-18x9.png",18,9,true]},"uagb_author_info":{"display_name":"pedrosaynovich","author_link":"https:\/\/beewebs.com\/ro\/author\/applistz\/"},"uagb_comment_info":0,"uagb_excerpt":"Descubra como conciliando atividades acad\u00eamicas e profissionais \u00e9 mais f\u00e1cil do que voc\u00ea imagina. Dicas pr\u00e1ticas para ter sucesso em ambas!","_links":{"self":[{"href":"https:\/\/beewebs.com\/ro\/wp-json\/wp\/v2\/posts\/3071"}],"collection":[{"href":"https:\/\/beewebs.com\/ro\/wp-json\/wp\/v2\/posts"}],"about":[{"href":"https:\/\/beewebs.com\/ro\/wp-json\/wp\/v2\/types\/post"}],"author":[{"embeddable":true,"href":"https:\/\/beewebs.com\/ro\/wp-json\/wp\/v2\/users\/8"}],"replies":[{"embeddable":true,"href":"https:\/\/beewebs.com\/ro\/wp-json\/wp\/v2\/comments?post=3071"}],"version-history":[{"count":2,"href":"https:\/\/beewebs.com\/ro\/wp-json\/wp\/v2\/posts\/3071\/revisions"}],"predecessor-version":[{"id":3100,"href":"https:\/\/beewebs.com\/ro\/wp-json\/wp\/v2\/posts\/3071\/revisions\/3100"}],"wp:featuredmedia":[{"embeddable":true,"href":"https:\/\/beewebs.com\/ro\/wp-json\/wp\/v2\/media\/3104"}],"wp:attachment":[{"href":"https:\/\/beewebs.com\/ro\/wp-json\/wp\/v2\/media?parent=3071"}],"wp:term":[{"taxonomy":"category","embeddable":true,"href":"https:\/\/beewebs.com\/ro\/wp-json\/wp\/v2\/categories?post=3071"},{"taxonomy":"post_tag","embeddable":true,"href":"https:\/\/beewebs.com\/ro\/wp-json\/wp\/v2\/tags?post=3071"}],"curies":[{"name":"wp","href":"https:\/\/api.w.org\/{rel}","templated":true}]}}