{"id":4429,"date":"2025-11-11T19:09:00","date_gmt":"2025-11-11T19:09:00","guid":{"rendered":"https:\/\/beewebs.com\/6fb2f49f-2882-47af-9039-4c268bfff90a\/"},"modified":"2025-11-11T19:09:30","modified_gmt":"2025-11-11T19:09:30","slug":"6fb2f49f-2882-47af-9039-4c268bfff90a","status":"publish","type":"post","link":"https:\/\/beewebs.com\/da\/6fb2f49f-2882-47af-9039-4c268bfff90a\/","title":{"rendered":"Specialiserede kurser p\u00e5 Universidad del Pacifico: Variation, fleksibilitet og kvalitet i lederuddannelse"},"content":{"rendered":"<\/p>\n<\/p>\n<div style=\"background: #ffffff; border-radius: 12px; box-shadow: 0 10px 30px rgba(0, 0, 0, 0.1); width: 100%; max-width: 340px; padding: 25px; transition: transform 0.3s ease-in-out; overflow: visible; display: flex; flex-direction: column; position: relative; border: 1px solid #28a745; margin-top: 70px; margin-bottom: 50px; margin-left: auto; margin-right: auto;\">\n<div style=\"position: absolute; top: -35px; right: 15px; color: #28a745; padding: 5px 10px; border-radius: 6px; font-size: 14px; font-weight: bold; display: flex; align-items: center; z-index: 10;\">Anbefalet til dig<\/div>\n<div data-namespace-header=\"\" style=\"\">\n<h3 data-namespace-title=\"\" style=\"color: #333; font-size: 20px; font-weight: bold; text-align: left; margin-right: 50px; min-height: 50px; margin-top: 0px;\">Universidad del Pacifico \u2013 Specialiserede kurser<\/h3>\n<\/p><\/div>\n<p data-namespace-prompt=\"\" style=\"font-size: 16px; color: #666; margin-bottom: 20px; line-height: 1.5; flex-grow: 1; text-align: left; margin-top: 0px;\">Bredt udvalg af kurser for ledere, mikrol\u00e6ring p\u00e5 12 og 21 timer, fleksible programmer, online modaliteter og h\u00f8j akademisk anerkendelse.<\/p>\n<p>    <a data-namespace-url=\"\" href=\"https:\/\/beewebs.com\/da\/redirect\/?https:\/\/cursos.pbs.edu.pe\/\" style=\"width: 100%; display: inline-block; color: white; text-decoration: none; border-radius: 6px; font-size: 16px; font-weight: bold; text-align: center; transition: transform 0.3s ease, background 0.3s ease; margin-top: auto;\" data-namespace-id=\"5c0d2565-3ba9-4280-a382-ad2a691e2285\"><br \/>\n        <button style=\"width: 100%; height: 55px; background: #e9e9ed; border: 1px solid black; color: black;\">Tilmeld dig nu<\/button><br \/>\n    <\/a><br \/>\n    <small style=\"margin-top: 10px; color: #777; font-size: 12px; text-align: center; display: block;\">Du vil blive omdirigeret til en anden hjemmeside.<\/small>\n<\/div>\n<p>Universidad del Pacifico har interessante forslag til specialiserede kurser for ledere, med muligheder for b\u00e5de mikrol\u00e6ring og l\u00e6ngerevarende programmer. Der er kurser fra 12 til 21 timer, opdelt i n\u00f8gleomr\u00e5der: finans, innovation, talent, strategi, drift og mere. Der kr\u00e6ves ingen komplekse foruds\u00e6tninger, men motivation og \u00f8nske om at udvikle sig professionelt er grundl\u00e6ggende for at f\u00e5 mest muligt ud af oplevelsen.<\/p>\n<h3 style=\"margin-top:30px;\">Hvordan kommer man i gang? Trin for trin<\/h3>\n<ol>\n<li>Gennemg\u00e5 kursusudbuddet og v\u00e6lg det, der bedst passer til dine behov.<\/li>\n<li>Udfyld informationsformularen, s\u00e5 de kan kontakte dig.<\/li>\n<li>Gennemg\u00e5 de oplysninger, som teamet har sendt, og afklar dine tvivlssp\u00f8rgsm\u00e5l.<\/li>\n<li>Udf\u00f8r registreringsprocessen med de \u00f8nskede data og dokumenter.<\/li>\n<li>Nyd indholdet online eller delvist personligt, alt efter hvad der er passende.<\/li>\n<\/ol>\n<h3 style=\"margin-top:30px;\">N\u00f8glepunkter<\/h3>\n<p>Universidad del Pacificos katalog er omfattende og velsegmenteret efter omr\u00e5der. Det fremh\u00e6ver fleksibiliteten ved mikrol\u00e6ring med kurser, der tilpasser sig justerede tider. Underviserne er h\u00f8jt anerkendte inden for erhvervslivet og den akademiske sf\u00e6re, og institutionel st\u00f8tte giver mulighed for et v\u00e6rdifuldt kontaktnetv\u00e6rk. Personlig opm\u00e6rksomhed bem\u00e6rkes fra f\u00f8rste kontakt til afslutningen af kurset.<\/p>\n<h3 style=\"margin-top:30px;\">Aspekter, der skal forbedres<\/h3>\n<p>Nogle kurser kan v\u00e6re dyre sammenlignet med globale muligheder. Derudover, selvom der findes online modaliteter, er ikke alle kurser tilg\u00e6ngelige i denne modalitet. Tidsplaner kan v\u00e6re en udfordring for ledere med stramme tidsplaner, da det prim\u00e6re tilbud fokuserer p\u00e5 forudbestemte formater.<\/p>\n<h3 style=\"margin-top:30px;\">Endelig dom<\/h3>\n<p>Universidad del Pacifico er et solidt alternativ for alle, der \u00f8nsker at forbedre deres professionelle profil i Peru, is\u00e6r hvis de v\u00e6rds\u00e6tter netv\u00e6rk, fleksibilitet og institutionel prestige. Hvis aktuelle temaer appellerer til dig og l\u00f8bende uddannelse, er dette en platform, der er v\u00e6rd at overveje.<\/p>\n<div style=\"background: #ffffff; border-radius: 12px; box-shadow: 0 10px 30px rgba(0, 0, 0, 0.1); width: 100%; max-width: 340px; padding: 25px; transition: transform 0.3s ease-in-out; overflow: visible; display: flex; flex-direction: column; position: relative; border: 1px solid #28a745; margin-top: 70px; margin-bottom: 50px; margin-left: auto; margin-right: auto;\">\n<div style=\"position: absolute; top: -35px; right: 15px; color: #28a745; padding: 5px 10px; border-radius: 6px; font-size: 14px; font-weight: bold; display: flex; align-items: center; z-index: 10;\">Anbefalet til dig<\/div>\n<div data-namespace-header=\"\" style=\"\">\n<h3 data-namespace-title=\"\" style=\"color: #333; font-size: 20px; font-weight: bold; text-align: left; margin-right: 50px; min-height: 50px; margin-top: 0px;\">Universidad del Pacifico \u2013 Specialiserede kurser<\/h3>\n<\/p><\/div>\n<p data-namespace-prompt=\"\" style=\"font-size: 16px; color: #666; margin-bottom: 20px; line-height: 1.5; flex-grow: 1; text-align: left; margin-top: 0px;\">Bredt udvalg af kurser for ledere, mikrol\u00e6ring p\u00e5 12 og 21 timer, fleksible programmer, online modaliteter og h\u00f8j akademisk anerkendelse.<\/p>\n<p>    <a data-namespace-url=\"\" href=\"https:\/\/beewebs.com\/da\/redirect\/?https:\/\/cursos.pbs.edu.pe\/\" style=\"width: 100%; display: inline-block; color: white; text-decoration: none; border-radius: 6px; font-size: 16px; font-weight: bold; text-align: center; transition: transform 0.3s ease, background 0.3s ease; margin-top: auto;\" data-namespace-id=\"5c0d2565-3ba9-4280-a382-ad2a691e2285\"><br \/>\n        <button style=\"width: 100%; height: 55px; background: #e9e9ed; border: 1px solid black; color: black;\">Tilmeld dig nu<\/button><br \/>\n    <\/a><br \/>\n    <small style=\"margin-top: 10px; color: #777; font-size: 12px; text-align: center; display: block;\">Du vil blive omdirigeret til en anden hjemmeside.<\/small>\n<\/div>","protected":false},"excerpt":{"rendered":"<p>Descubre la oferta de cursos para ejecutivos de la Universidad del Pac\u00edfico. Modalidades flexibles, enfoques pr\u00e1cticos y networking. Ideal para potenciar tu perfil profesional en Per\u00fa.<\/p>","protected":false},"author":93,"featured_media":0,"comment_status":"open","ping_status":"open","sticky":false,"template":"","format":"standard","meta":{"_uag_custom_page_level_css":"","site-sidebar-layout":"default","site-content-layout":"","ast-site-content-layout":"","site-content-style":"default","site-sidebar-style":"default","ast-global-header-display":"","ast-banner-title-visibility":"","ast-main-header-display":"","ast-hfb-above-header-display":"","ast-hfb-below-header-display":"","ast-hfb-mobile-header-display":"","site-post-title":"","ast-breadcrumbs-content":"","ast-featured-img":"","footer-sml-layout":"","theme-transparent-header-meta":"","adv-header-id-meta":"","stick-header-meta":"","header-above-stick-meta":"","header-main-stick-meta":"","header-below-stick-meta":"","astra-migrate-meta-layouts":"default","ast-page-background-enabled":"default","ast-page-background-meta":{"desktop":{"background-color":"var(--ast-global-color-4)","background-image":"","background-repeat":"repeat","background-position":"center center","background-size":"auto","background-attachment":"scroll","background-type":"","background-media":"","overlay-type":"","overlay-color":"","overlay-opacity":"","overlay-gradient":""},"tablet":{"background-color":"","background-image":"","background-repeat":"repeat","background-position":"center center","background-size":"auto","background-attachment":"scroll","background-type":"","background-media":"","overlay-type":"","overlay-color":"","overlay-opacity":"","overlay-gradient":""},"mobile":{"background-color":"","background-image":"","background-repeat":"repeat","background-position":"center center","background-size":"auto","background-attachment":"scroll","background-type":"","background-media":"","overlay-type":"","overlay-color":"","overlay-opacity":"","overlay-gradient":""}},"ast-content-background-meta":{"desktop":{"background-color":"var(--ast-global-color-5)","background-image":"","background-repeat":"repeat","background-position":"center center","background-size":"auto","background-attachment":"scroll","background-type":"","background-media":"","overlay-type":"","overlay-color":"","overlay-opacity":"","overlay-gradient":""},"tablet":{"background-color":"var(--ast-global-color-5)","background-image":"","background-repeat":"repeat","background-position":"center center","background-size":"auto","background-attachment":"scroll","background-type":"","background-media":"","overlay-type":"","overlay-color":"","overlay-opacity":"","overlay-gradient":""},"mobile":{"background-color":"var(--ast-global-color-5)","background-image":"","background-repeat":"repeat","background-position":"center center","background-size":"auto","background-attachment":"scroll","background-type":"","background-media":"","overlay-type":"","overlay-color":"","overlay-opacity":"","overlay-gradient":""}},"footnotes":""},"categories":[16],"tags":[],"yoast_head":"<!-- This site is optimized with the Yoast SEO plugin v23.3 - https:\/\/yoast.com\/wordpress\/plugins\/seo\/ -->\n<title>Cursos Especializados en Universidad del Pac\u00edfico: Variedad, Flexibilidad y Calidad en Formaci\u00f3n Ejecutiva - BeeWebs<\/title>\n<meta name=\"robots\" content=\"index, follow, max-snippet:-1, max-image-preview:large, max-video-preview:-1\" \/>\n<link rel=\"canonical\" href=\"https:\/\/beewebs.com\/da\/6fb2f49f-2882-47af-9039-4c268bfff90a\/\" \/>\n<meta property=\"og:locale\" content=\"da_DK\" \/>\n<meta property=\"og:type\" content=\"article\" \/>\n<meta property=\"og:title\" content=\"Cursos Especializados en Universidad del Pac\u00edfico: Variedad, Flexibilidad y Calidad en Formaci\u00f3n Ejecutiva - BeeWebs\" \/>\n<meta property=\"og:description\" content=\"Descubre la oferta de cursos para ejecutivos de la Universidad del Pac\u00edfico. Modalidades flexibles, enfoques pr\u00e1cticos y networking. Ideal para potenciar tu perfil profesional en Per\u00fa.\" \/>\n<meta property=\"og:url\" content=\"https:\/\/beewebs.com\/da\/6fb2f49f-2882-47af-9039-4c268bfff90a\/\" \/>\n<meta property=\"og:site_name\" content=\"BeeWebs\" \/>\n<meta property=\"article:published_time\" content=\"2025-11-11T19:09:00+00:00\" \/>\n<meta property=\"article:modified_time\" content=\"2025-11-11T19:09:30+00:00\" \/>\n<meta name=\"author\" content=\"joaovitorjacintho1998\" \/>\n<meta name=\"twitter:card\" content=\"summary_large_image\" \/>\n<meta name=\"twitter:label1\" content=\"Written by\" \/>\n\t<meta name=\"twitter:data1\" content=\"joaovitorjacintho1998\" \/>\n\t<meta name=\"twitter:label2\" content=\"Est. reading time\" \/>\n\t<meta name=\"twitter:data2\" content=\"2 minutter\" \/>\n<script type=\"application\/ld+json\" class=\"yoast-schema-graph\">{\"@context\":\"https:\/\/schema.org\",\"@graph\":[{\"@type\":\"Article\",\"@id\":\"https:\/\/beewebs.com\/6fb2f49f-2882-47af-9039-4c268bfff90a\/#article\",\"isPartOf\":{\"@id\":\"https:\/\/beewebs.com\/6fb2f49f-2882-47af-9039-4c268bfff90a\/\"},\"author\":{\"name\":\"joaovitorjacintho1998\",\"@id\":\"https:\/\/beewebs.com\/#\/schema\/person\/b0b94dcbe2f5caf90bfdf59817c675ed\"},\"headline\":\"Cursos Especializados en Universidad del Pac\u00edfico: Variedad, Flexibilidad y Calidad en Formaci\u00f3n Ejecutiva\",\"datePublished\":\"2025-11-11T19:09:00+00:00\",\"dateModified\":\"2025-11-11T19:09:30+00:00\",\"mainEntityOfPage\":{\"@id\":\"https:\/\/beewebs.com\/6fb2f49f-2882-47af-9039-4c268bfff90a\/\"},\"wordCount\":393,\"commentCount\":0,\"publisher\":{\"@id\":\"https:\/\/beewebs.com\/#organization\"},\"articleSection\":[\"Hidden\"],\"inLanguage\":\"da-DK\",\"potentialAction\":[{\"@type\":\"CommentAction\",\"name\":\"Comment\",\"target\":[\"https:\/\/beewebs.com\/6fb2f49f-2882-47af-9039-4c268bfff90a\/#respond\"]}]},{\"@type\":\"WebPage\",\"@id\":\"https:\/\/beewebs.com\/6fb2f49f-2882-47af-9039-4c268bfff90a\/\",\"url\":\"https:\/\/beewebs.com\/6fb2f49f-2882-47af-9039-4c268bfff90a\/\",\"name\":\"Cursos Especializados en Universidad del Pac\u00edfico: Variedad, Flexibilidad y Calidad en Formaci\u00f3n Ejecutiva - BeeWebs\",\"isPartOf\":{\"@id\":\"https:\/\/beewebs.com\/#website\"},\"datePublished\":\"2025-11-11T19:09:00+00:00\",\"dateModified\":\"2025-11-11T19:09:30+00:00\",\"breadcrumb\":{\"@id\":\"https:\/\/beewebs.com\/6fb2f49f-2882-47af-9039-4c268bfff90a\/#breadcrumb\"},\"inLanguage\":\"da-DK\",\"potentialAction\":[{\"@type\":\"ReadAction\",\"target\":[\"https:\/\/beewebs.com\/6fb2f49f-2882-47af-9039-4c268bfff90a\/\"]}]},{\"@type\":\"BreadcrumbList\",\"@id\":\"https:\/\/beewebs.com\/6fb2f49f-2882-47af-9039-4c268bfff90a\/#breadcrumb\",\"itemListElement\":[{\"@type\":\"ListItem\",\"position\":1,\"name\":\"Home\",\"item\":\"https:\/\/beewebs.com\/\"},{\"@type\":\"ListItem\",\"position\":2,\"name\":\"Cursos Especializados en Universidad del Pac\u00edfico: Variedad, Flexibilidad y Calidad en Formaci\u00f3n Ejecutiva\"}]},{\"@type\":\"WebSite\",\"@id\":\"https:\/\/beewebs.com\/#website\",\"url\":\"https:\/\/beewebs.com\/\",\"name\":\"BeeWebs\",\"description\":\"\",\"publisher\":{\"@id\":\"https:\/\/beewebs.com\/#organization\"},\"potentialAction\":[{\"@type\":\"SearchAction\",\"target\":{\"@type\":\"EntryPoint\",\"urlTemplate\":\"https:\/\/beewebs.com\/?s={search_term_string}\"},\"query-input\":\"required name=search_term_string\"}],\"inLanguage\":\"da-DK\"},{\"@type\":\"Organization\",\"@id\":\"https:\/\/beewebs.com\/#organization\",\"name\":\"BeeWebs\",\"url\":\"https:\/\/beewebs.com\/\",\"logo\":{\"@type\":\"ImageObject\",\"inLanguage\":\"da-DK\",\"@id\":\"https:\/\/beewebs.com\/#\/schema\/logo\/image\/\",\"url\":\"https:\/\/beewebs.com\/wp-content\/uploads\/sites\/130\/2025\/06\/BeeWebs-news.png\",\"contentUrl\":\"https:\/\/beewebs.com\/wp-content\/uploads\/sites\/130\/2025\/06\/BeeWebs-news.png\",\"width\":180,\"height\":60,\"caption\":\"BeeWebs\"},\"image\":{\"@id\":\"https:\/\/beewebs.com\/#\/schema\/logo\/image\/\"}},{\"@type\":\"Person\",\"@id\":\"https:\/\/beewebs.com\/#\/schema\/person\/b0b94dcbe2f5caf90bfdf59817c675ed\",\"name\":\"joaovitorjacintho1998\",\"image\":{\"@type\":\"ImageObject\",\"inLanguage\":\"da-DK\",\"@id\":\"https:\/\/beewebs.com\/#\/schema\/person\/image\/\",\"url\":\"https:\/\/secure.gravatar.com\/avatar\/2843227ca03ccf8cc7ccca45204c127e?s=96&d=mm&r=g\",\"contentUrl\":\"https:\/\/secure.gravatar.com\/avatar\/2843227ca03ccf8cc7ccca45204c127e?s=96&d=mm&r=g\",\"caption\":\"joaovitorjacintho1998\"},\"url\":\"https:\/\/beewebs.com\/da\/author\/joaovitorjacintho1998\/\"}]}<\/script>\n<!-- \/ Yoast SEO plugin. -->","yoast_head_json":{"title":"Cursos Especializados en Universidad del Pac\u00edfico: Variedad, Flexibilidad y Calidad en Formaci\u00f3n Ejecutiva - BeeWebs","robots":{"index":"index","follow":"follow","max-snippet":"max-snippet:-1","max-image-preview":"max-image-preview:large","max-video-preview":"max-video-preview:-1"},"canonical":"https:\/\/beewebs.com\/da\/6fb2f49f-2882-47af-9039-4c268bfff90a\/","og_locale":"da_DK","og_type":"article","og_title":"Cursos Especializados en Universidad del Pac\u00edfico: Variedad, Flexibilidad y Calidad en Formaci\u00f3n Ejecutiva - BeeWebs","og_description":"Descubre la oferta de cursos para ejecutivos de la Universidad del Pac\u00edfico. Modalidades flexibles, enfoques pr\u00e1cticos y networking. Ideal para potenciar tu perfil profesional en Per\u00fa.","og_url":"https:\/\/beewebs.com\/da\/6fb2f49f-2882-47af-9039-4c268bfff90a\/","og_site_name":"BeeWebs","article_published_time":"2025-11-11T19:09:00+00:00","article_modified_time":"2025-11-11T19:09:30+00:00","author":"joaovitorjacintho1998","twitter_card":"summary_large_image","twitter_misc":{"Written by":"joaovitorjacintho1998","Est. reading time":"2 minutter"},"schema":{"@context":"https:\/\/schema.org","@graph":[{"@type":"Article","@id":"https:\/\/beewebs.com\/6fb2f49f-2882-47af-9039-4c268bfff90a\/#article","isPartOf":{"@id":"https:\/\/beewebs.com\/6fb2f49f-2882-47af-9039-4c268bfff90a\/"},"author":{"name":"joaovitorjacintho1998","@id":"https:\/\/beewebs.com\/#\/schema\/person\/b0b94dcbe2f5caf90bfdf59817c675ed"},"headline":"Cursos Especializados en Universidad del Pac\u00edfico: Variedad, Flexibilidad y Calidad en Formaci\u00f3n Ejecutiva","datePublished":"2025-11-11T19:09:00+00:00","dateModified":"2025-11-11T19:09:30+00:00","mainEntityOfPage":{"@id":"https:\/\/beewebs.com\/6fb2f49f-2882-47af-9039-4c268bfff90a\/"},"wordCount":393,"commentCount":0,"publisher":{"@id":"https:\/\/beewebs.com\/#organization"},"articleSection":["Hidden"],"inLanguage":"da-DK","potentialAction":[{"@type":"CommentAction","name":"Comment","target":["https:\/\/beewebs.com\/6fb2f49f-2882-47af-9039-4c268bfff90a\/#respond"]}]},{"@type":"WebPage","@id":"https:\/\/beewebs.com\/6fb2f49f-2882-47af-9039-4c268bfff90a\/","url":"https:\/\/beewebs.com\/6fb2f49f-2882-47af-9039-4c268bfff90a\/","name":"Cursos Especializados en Universidad del Pac\u00edfico: Variedad, Flexibilidad y Calidad en Formaci\u00f3n Ejecutiva - BeeWebs","isPartOf":{"@id":"https:\/\/beewebs.com\/#website"},"datePublished":"2025-11-11T19:09:00+00:00","dateModified":"2025-11-11T19:09:30+00:00","breadcrumb":{"@id":"https:\/\/beewebs.com\/6fb2f49f-2882-47af-9039-4c268bfff90a\/#breadcrumb"},"inLanguage":"da-DK","potentialAction":[{"@type":"ReadAction","target":["https:\/\/beewebs.com\/6fb2f49f-2882-47af-9039-4c268bfff90a\/"]}]},{"@type":"BreadcrumbList","@id":"https:\/\/beewebs.com\/6fb2f49f-2882-47af-9039-4c268bfff90a\/#breadcrumb","itemListElement":[{"@type":"ListItem","position":1,"name":"Home","item":"https:\/\/beewebs.com\/"},{"@type":"ListItem","position":2,"name":"Cursos Especializados en Universidad del Pac\u00edfico: Variedad, Flexibilidad y Calidad en Formaci\u00f3n Ejecutiva"}]},{"@type":"WebSite","@id":"https:\/\/beewebs.com\/#website","url":"https:\/\/beewebs.com\/","name":"BeeWebs","description":"","publisher":{"@id":"https:\/\/beewebs.com\/#organization"},"potentialAction":[{"@type":"SearchAction","target":{"@type":"EntryPoint","urlTemplate":"https:\/\/beewebs.com\/?s={search_term_string}"},"query-input":"required name=search_term_string"}],"inLanguage":"da-DK"},{"@type":"Organization","@id":"https:\/\/beewebs.com\/#organization","name":"BeeWebs","url":"https:\/\/beewebs.com\/","logo":{"@type":"ImageObject","inLanguage":"da-DK","@id":"https:\/\/beewebs.com\/#\/schema\/logo\/image\/","url":"https:\/\/beewebs.com\/wp-content\/uploads\/sites\/130\/2025\/06\/BeeWebs-news.png","contentUrl":"https:\/\/beewebs.com\/wp-content\/uploads\/sites\/130\/2025\/06\/BeeWebs-news.png","width":180,"height":60,"caption":"BeeWebs"},"image":{"@id":"https:\/\/beewebs.com\/#\/schema\/logo\/image\/"}},{"@type":"Person","@id":"https:\/\/beewebs.com\/#\/schema\/person\/b0b94dcbe2f5caf90bfdf59817c675ed","name":"joaovitorjacintho1998","image":{"@type":"ImageObject","inLanguage":"da-DK","@id":"https:\/\/beewebs.com\/#\/schema\/person\/image\/","url":"https:\/\/secure.gravatar.com\/avatar\/2843227ca03ccf8cc7ccca45204c127e?s=96&d=mm&r=g","contentUrl":"https:\/\/secure.gravatar.com\/avatar\/2843227ca03ccf8cc7ccca45204c127e?s=96&d=mm&r=g","caption":"joaovitorjacintho1998"},"url":"https:\/\/beewebs.com\/da\/author\/joaovitorjacintho1998\/"}]}},"uagb_featured_image_src":{"full":false,"thumbnail":false,"medium":false,"medium_large":false,"large":false,"1536x1536":false,"2048x2048":false,"trp-custom-language-flag":false},"uagb_author_info":{"display_name":"joaovitorjacintho1998","author_link":"https:\/\/beewebs.com\/da\/author\/joaovitorjacintho1998\/"},"uagb_comment_info":0,"uagb_excerpt":"Descubre la oferta de cursos para ejecutivos de la Universidad del Pac\u00edfico. Modalidades flexibles, enfoques pr\u00e1cticos y networking. Ideal para potenciar tu perfil profesional en Per\u00fa.","_links":{"self":[{"href":"https:\/\/beewebs.com\/da\/wp-json\/wp\/v2\/posts\/4429"}],"collection":[{"href":"https:\/\/beewebs.com\/da\/wp-json\/wp\/v2\/posts"}],"about":[{"href":"https:\/\/beewebs.com\/da\/wp-json\/wp\/v2\/types\/post"}],"author":[{"embeddable":true,"href":"https:\/\/beewebs.com\/da\/wp-json\/wp\/v2\/users\/93"}],"replies":[{"embeddable":true,"href":"https:\/\/beewebs.com\/da\/wp-json\/wp\/v2\/comments?post=4429"}],"version-history":[{"count":1,"href":"https:\/\/beewebs.com\/da\/wp-json\/wp\/v2\/posts\/4429\/revisions"}],"predecessor-version":[{"id":4439,"href":"https:\/\/beewebs.com\/da\/wp-json\/wp\/v2\/posts\/4429\/revisions\/4439"}],"wp:attachment":[{"href":"https:\/\/beewebs.com\/da\/wp-json\/wp\/v2\/media?parent=4429"}],"wp:term":[{"taxonomy":"category","embeddable":true,"href":"https:\/\/beewebs.com\/da\/wp-json\/wp\/v2\/categories?post=4429"},{"taxonomy":"post_tag","embeddable":true,"href":"https:\/\/beewebs.com\/da\/wp-json\/wp\/v2\/tags?post=4429"}],"curies":[{"name":"wp","href":"https:\/\/api.w.org\/{rel}","templated":true}]}}