{"id":4409,"date":"2025-11-09T23:47:00","date_gmt":"2025-11-09T23:47:00","guid":{"rendered":"https:\/\/beewebs.com\/8eee29f5-99bd-4174-842a-977423f03bd9\/"},"modified":"2025-11-09T23:47:29","modified_gmt":"2025-11-09T23:47:29","slug":"8eee29f5-99bd-4174-842a-977423f03bd9","status":"publish","type":"post","link":"https:\/\/beewebs.com\/da\/8eee29f5-99bd-4174-842a-977423f03bd9\/","title":{"rendered":"Specialiserede kurser Universidad del Pacifico: variation og mikrol\u00e6ring for ledere"},"content":{"rendered":"<\/p>\n<\/p>\n<div style=\"background: #ffffff; border-radius: 12px; box-shadow: 0 10px 30px rgba(0, 0, 0, 0.1); width: 100%; max-width: 340px; padding: 25px; transition: transform 0.3s ease-in-out; overflow: visible; display: flex; flex-direction: column; position: relative; border: 1px solid #28a745; margin-top: 70px; margin-bottom: 50px; margin-left: auto; margin-right: auto;\">\n<div style=\"position: absolute; top: -35px; right: 15px; color: #28a745; padding: 5px 10px; border-radius: 6px; font-size: 14px; font-weight: bold; display: flex; align-items: center; z-index: 10;\">Anbefalet til dig<\/div>\n<div data-namespace-header=\"\" style=\"\">\n<h3 data-namespace-title=\"\" style=\"color: #333; font-size: 20px; font-weight: bold; text-align: left; margin-right: 50px; min-height: 50px; margin-top: 0px;\">Universidad del Pacifico \u2013 Specialiserede kurser<\/h3>\n<\/p><\/div>\n<p data-namespace-prompt=\"\" style=\"font-size: 16px; color: #666; margin-bottom: 20px; line-height: 1.5; flex-grow: 1; text-align: left; margin-top: 0px;\">Fleksibel lederuddannelse, praktisk fokus og muligheder for mikrol\u00e6ring fra kl. 12 til 21. Bred vifte af specialiseringer inden for n\u00f8gleomr\u00e5der.<\/p>\n<p>    <a data-namespace-url=\"\" href=\"https:\/\/beewebs.com\/da\/redirect\/?https:\/\/cursos.pbs.edu.pe\/\" style=\"width: 100%; display: inline-block; color: white; text-decoration: none; border-radius: 6px; font-size: 16px; font-weight: bold; text-align: center; transition: transform 0.3s ease, background 0.3s ease; margin-top: auto;\" data-namespace-id=\"5c0d2565-3ba9-4280-a382-ad2a691e2285\"><br \/>\n        <button style=\"width: 100%; height: 55px; background: #e9e9ed; border: 1px solid black; color: black;\">Tilmeld dig nu<\/button><br \/>\n    <\/a><br \/>\n    <small style=\"margin-top: 10px; color: #777; font-size: 12px; text-align: center; display: block;\">Du vil blive omdirigeret til en anden hjemmeside<\/small>\n<\/div>\n<p>Universidad del Pacifico tilbyder en af de mest robuste platforme i Peru til lederuddannelse. Den fremh\u00e6ver sine specialiserede kurser og sit fokus p\u00e5 mikrol\u00e6ring, hvilket g\u00f8r det nemmere for brugeren at v\u00e6lge mellem moduler p\u00e5 12 og 21 timer, tilpasset tilg\u00e6ngeligheden og behovene hos moderne professionelle.<\/p>\n<p>Inden for det nuv\u00e6rende tilbud d\u00e6kker kataloget omr\u00e5der som strategi, ledelse, finans, talent, innovation, teknologi og marketing. Der kr\u00e6ves ingen forudg\u00e5ende viden for de fleste programmer, hvilket giver enhver professionel mulighed for at f\u00e5 adgang til og specialisere sig i henhold til deres interesser.<\/p>\n<h2>Trin for trin for at begynde<\/h2>\n<p>Registreringsprocessen er enkel. F\u00f8rst skal du v\u00e6lge det kursus, du foretr\u00e6kker, p\u00e5 platformen. Derefter skal du udfylde en formular med dine personlige oplysninger og acceptere vilk\u00e5rene og betingelserne.<\/p>\n<p>Derudover vil det akademiske team kontakte dig med information om afslutninger, krav og betalingsprocessen. Endelig vil du modtage alle detaljerne for at starte dine sessioner i det valgte format.<\/p>\n<h2>Vigtigste fordele<\/h2>\n<p>Udvalget af kurser er en stor attraktion: fra revision og ledelse til maskinl\u00e6ring og digital jura. Derudover fremmer mikrol\u00e6ringsmoduler progressiv l\u00e6ring.<\/p>\n<p>En anden st\u00e6rk side er tilpasningsevnen i tidsplaner. Dette er perfekt for ledere, der s\u00f8ger at balancere studier, arbejde og familie, hvilket giver dem absolut fleksibilitet i at styre deres tid.<\/p>\n<h2>Nogle punkter til forbedring<\/h2>\n<p>Et aspekt at overveje er den begr\u00e6nsede offentlige information om undervisere, noget der kan p\u00e5virke dem, der prioriterer undervisningens omd\u00f8mme. Der kan ogs\u00e5 v\u00e6re visse forsinkelser i kontakten efter registrering.<\/p>\n<p>Derudover kan antallet af muligheder v\u00e6re overv\u00e6ldende for nogle brugere, hvilket g\u00f8r det sv\u00e6rt at beslutte, hvilket kursus du virkelig har brug for i henhold til dine professionelle m\u00e5l.<\/p>\n<h2>Dom<\/h2>\n<p>Universidad del Pacifico-platformen er et ideelt valg for dem, der s\u00f8ger specialisering, fleksibilitet og opdateret indhold inden for omr\u00e5der med h\u00f8j professionel eftersp\u00f8rgsel i Peru. Anbefales til ledere, der prioriterer praktiske og personlige alternativer til at forbedre deres f\u00e6rdigheder.<\/p>\n<div style=\"background: #ffffff; border-radius: 12px; box-shadow: 0 10px 30px rgba(0, 0, 0, 0.1); width: 100%; max-width: 340px; padding: 25px; transition: transform 0.3s ease-in-out; overflow: visible; display: flex; flex-direction: column; position: relative; border: 1px solid #28a745; margin-top: 70px; margin-bottom: 50px; margin-left: auto; margin-right: auto;\">\n<div style=\"position: absolute; top: -35px; right: 15px; color: #28a745; padding: 5px 10px; border-radius: 6px; font-size: 14px; font-weight: bold; display: flex; align-items: center; z-index: 10;\">Anbefalet til dig<\/div>\n<div data-namespace-header=\"\" style=\"\">\n<h3 data-namespace-title=\"\" style=\"color: #333; font-size: 20px; font-weight: bold; text-align: left; margin-right: 50px; min-height: 50px; margin-top: 0px;\">Universidad del Pacifico \u2013 Specialiserede kurser<\/h3>\n<\/p><\/div>\n<p data-namespace-prompt=\"\" style=\"font-size: 16px; color: #666; margin-bottom: 20px; line-height: 1.5; flex-grow: 1; text-align: left; margin-top: 0px;\">Fleksibel lederuddannelse, praktisk fokus og muligheder for mikrol\u00e6ring fra kl. 12 til 21. Bred vifte af specialiseringer inden for n\u00f8gleomr\u00e5der.<\/p>\n<p>    <a data-namespace-url=\"\" href=\"https:\/\/beewebs.com\/da\/redirect\/?https:\/\/cursos.pbs.edu.pe\/\" style=\"width: 100%; display: inline-block; color: white; text-decoration: none; border-radius: 6px; font-size: 16px; font-weight: bold; text-align: center; transition: transform 0.3s ease, background 0.3s ease; margin-top: auto;\" data-namespace-id=\"5c0d2565-3ba9-4280-a382-ad2a691e2285\"><br \/>\n        <button style=\"width: 100%; height: 55px; background: #e9e9ed; border: 1px solid black; color: black;\">Tilmeld dig nu<\/button><br \/>\n    <\/a><br \/>\n    <small style=\"margin-top: 10px; color: #777; font-size: 12px; text-align: center; display: block;\">Du vil blive omdirigeret til en anden hjemmeside<\/small>\n<\/div>","protected":false},"excerpt":{"rendered":"<p>Descubre los cursos especializados y de microlearning para ejecutivos de Universidad del Pac\u00edfico. Capacitaci\u00f3n flexible, opciones de 12 a 21 horas y \u00e1reas de alta demanda en Per\u00fa. \u00a1Potencia tu carrera!<\/p>","protected":false},"author":93,"featured_media":0,"comment_status":"open","ping_status":"open","sticky":false,"template":"","format":"standard","meta":{"_uag_custom_page_level_css":"","site-sidebar-layout":"default","site-content-layout":"","ast-site-content-layout":"","site-content-style":"default","site-sidebar-style":"default","ast-global-header-display":"","ast-banner-title-visibility":"","ast-main-header-display":"","ast-hfb-above-header-display":"","ast-hfb-below-header-display":"","ast-hfb-mobile-header-display":"","site-post-title":"","ast-breadcrumbs-content":"","ast-featured-img":"","footer-sml-layout":"","theme-transparent-header-meta":"","adv-header-id-meta":"","stick-header-meta":"","header-above-stick-meta":"","header-main-stick-meta":"","header-below-stick-meta":"","astra-migrate-meta-layouts":"default","ast-page-background-enabled":"default","ast-page-background-meta":{"desktop":{"background-color":"var(--ast-global-color-4)","background-image":"","background-repeat":"repeat","background-position":"center center","background-size":"auto","background-attachment":"scroll","background-type":"","background-media":"","overlay-type":"","overlay-color":"","overlay-opacity":"","overlay-gradient":""},"tablet":{"background-color":"","background-image":"","background-repeat":"repeat","background-position":"center center","background-size":"auto","background-attachment":"scroll","background-type":"","background-media":"","overlay-type":"","overlay-color":"","overlay-opacity":"","overlay-gradient":""},"mobile":{"background-color":"","background-image":"","background-repeat":"repeat","background-position":"center center","background-size":"auto","background-attachment":"scroll","background-type":"","background-media":"","overlay-type":"","overlay-color":"","overlay-opacity":"","overlay-gradient":""}},"ast-content-background-meta":{"desktop":{"background-color":"var(--ast-global-color-5)","background-image":"","background-repeat":"repeat","background-position":"center center","background-size":"auto","background-attachment":"scroll","background-type":"","background-media":"","overlay-type":"","overlay-color":"","overlay-opacity":"","overlay-gradient":""},"tablet":{"background-color":"var(--ast-global-color-5)","background-image":"","background-repeat":"repeat","background-position":"center center","background-size":"auto","background-attachment":"scroll","background-type":"","background-media":"","overlay-type":"","overlay-color":"","overlay-opacity":"","overlay-gradient":""},"mobile":{"background-color":"var(--ast-global-color-5)","background-image":"","background-repeat":"repeat","background-position":"center center","background-size":"auto","background-attachment":"scroll","background-type":"","background-media":"","overlay-type":"","overlay-color":"","overlay-opacity":"","overlay-gradient":""}},"footnotes":""},"categories":[16],"tags":[],"yoast_head":"<!-- This site is optimized with the Yoast SEO plugin v23.3 - https:\/\/yoast.com\/wordpress\/plugins\/seo\/ -->\n<title>Cursos Especializados Universidad del Pac\u00edfico: variedad y microlearning para ejecutivos - BeeWebs<\/title>\n<meta name=\"robots\" content=\"index, follow, max-snippet:-1, max-image-preview:large, max-video-preview:-1\" \/>\n<link rel=\"canonical\" href=\"https:\/\/beewebs.com\/da\/8eee29f5-99bd-4174-842a-977423f03bd9\/\" \/>\n<meta property=\"og:locale\" content=\"da_DK\" \/>\n<meta property=\"og:type\" content=\"article\" \/>\n<meta property=\"og:title\" content=\"Cursos Especializados Universidad del Pac\u00edfico: variedad y microlearning para ejecutivos - BeeWebs\" \/>\n<meta property=\"og:description\" content=\"Descubre los cursos especializados y de microlearning para ejecutivos de Universidad del Pac\u00edfico. Capacitaci\u00f3n flexible, opciones de 12 a 21 horas y \u00e1reas de alta demanda en Per\u00fa. \u00a1Potencia tu carrera!\" \/>\n<meta property=\"og:url\" content=\"https:\/\/beewebs.com\/da\/8eee29f5-99bd-4174-842a-977423f03bd9\/\" \/>\n<meta property=\"og:site_name\" content=\"BeeWebs\" \/>\n<meta property=\"article:published_time\" content=\"2025-11-09T23:47:00+00:00\" \/>\n<meta property=\"article:modified_time\" content=\"2025-11-09T23:47:29+00:00\" \/>\n<meta name=\"author\" content=\"joaovitorjacintho1998\" \/>\n<meta name=\"twitter:card\" content=\"summary_large_image\" \/>\n<meta name=\"twitter:label1\" content=\"Written by\" \/>\n\t<meta name=\"twitter:data1\" content=\"joaovitorjacintho1998\" \/>\n\t<meta name=\"twitter:label2\" content=\"Est. reading time\" \/>\n\t<meta name=\"twitter:data2\" content=\"2 minutter\" \/>\n<script type=\"application\/ld+json\" class=\"yoast-schema-graph\">{\"@context\":\"https:\/\/schema.org\",\"@graph\":[{\"@type\":\"Article\",\"@id\":\"https:\/\/beewebs.com\/8eee29f5-99bd-4174-842a-977423f03bd9\/#article\",\"isPartOf\":{\"@id\":\"https:\/\/beewebs.com\/8eee29f5-99bd-4174-842a-977423f03bd9\/\"},\"author\":{\"name\":\"joaovitorjacintho1998\",\"@id\":\"https:\/\/beewebs.com\/#\/schema\/person\/b0b94dcbe2f5caf90bfdf59817c675ed\"},\"headline\":\"Cursos Especializados Universidad del Pac\u00edfico: variedad y microlearning para ejecutivos\",\"datePublished\":\"2025-11-09T23:47:00+00:00\",\"dateModified\":\"2025-11-09T23:47:29+00:00\",\"mainEntityOfPage\":{\"@id\":\"https:\/\/beewebs.com\/8eee29f5-99bd-4174-842a-977423f03bd9\/\"},\"wordCount\":436,\"commentCount\":0,\"publisher\":{\"@id\":\"https:\/\/beewebs.com\/#organization\"},\"articleSection\":[\"Hidden\"],\"inLanguage\":\"da-DK\",\"potentialAction\":[{\"@type\":\"CommentAction\",\"name\":\"Comment\",\"target\":[\"https:\/\/beewebs.com\/8eee29f5-99bd-4174-842a-977423f03bd9\/#respond\"]}]},{\"@type\":\"WebPage\",\"@id\":\"https:\/\/beewebs.com\/8eee29f5-99bd-4174-842a-977423f03bd9\/\",\"url\":\"https:\/\/beewebs.com\/8eee29f5-99bd-4174-842a-977423f03bd9\/\",\"name\":\"Cursos Especializados Universidad del Pac\u00edfico: variedad y microlearning para ejecutivos - BeeWebs\",\"isPartOf\":{\"@id\":\"https:\/\/beewebs.com\/#website\"},\"datePublished\":\"2025-11-09T23:47:00+00:00\",\"dateModified\":\"2025-11-09T23:47:29+00:00\",\"breadcrumb\":{\"@id\":\"https:\/\/beewebs.com\/8eee29f5-99bd-4174-842a-977423f03bd9\/#breadcrumb\"},\"inLanguage\":\"da-DK\",\"potentialAction\":[{\"@type\":\"ReadAction\",\"target\":[\"https:\/\/beewebs.com\/8eee29f5-99bd-4174-842a-977423f03bd9\/\"]}]},{\"@type\":\"BreadcrumbList\",\"@id\":\"https:\/\/beewebs.com\/8eee29f5-99bd-4174-842a-977423f03bd9\/#breadcrumb\",\"itemListElement\":[{\"@type\":\"ListItem\",\"position\":1,\"name\":\"Home\",\"item\":\"https:\/\/beewebs.com\/\"},{\"@type\":\"ListItem\",\"position\":2,\"name\":\"Cursos Especializados Universidad del Pac\u00edfico: variedad y microlearning para ejecutivos\"}]},{\"@type\":\"WebSite\",\"@id\":\"https:\/\/beewebs.com\/#website\",\"url\":\"https:\/\/beewebs.com\/\",\"name\":\"BeeWebs\",\"description\":\"\",\"publisher\":{\"@id\":\"https:\/\/beewebs.com\/#organization\"},\"potentialAction\":[{\"@type\":\"SearchAction\",\"target\":{\"@type\":\"EntryPoint\",\"urlTemplate\":\"https:\/\/beewebs.com\/?s={search_term_string}\"},\"query-input\":\"required name=search_term_string\"}],\"inLanguage\":\"da-DK\"},{\"@type\":\"Organization\",\"@id\":\"https:\/\/beewebs.com\/#organization\",\"name\":\"BeeWebs\",\"url\":\"https:\/\/beewebs.com\/\",\"logo\":{\"@type\":\"ImageObject\",\"inLanguage\":\"da-DK\",\"@id\":\"https:\/\/beewebs.com\/#\/schema\/logo\/image\/\",\"url\":\"https:\/\/beewebs.com\/wp-content\/uploads\/sites\/130\/2025\/06\/BeeWebs-news.png\",\"contentUrl\":\"https:\/\/beewebs.com\/wp-content\/uploads\/sites\/130\/2025\/06\/BeeWebs-news.png\",\"width\":180,\"height\":60,\"caption\":\"BeeWebs\"},\"image\":{\"@id\":\"https:\/\/beewebs.com\/#\/schema\/logo\/image\/\"}},{\"@type\":\"Person\",\"@id\":\"https:\/\/beewebs.com\/#\/schema\/person\/b0b94dcbe2f5caf90bfdf59817c675ed\",\"name\":\"joaovitorjacintho1998\",\"image\":{\"@type\":\"ImageObject\",\"inLanguage\":\"da-DK\",\"@id\":\"https:\/\/beewebs.com\/#\/schema\/person\/image\/\",\"url\":\"https:\/\/secure.gravatar.com\/avatar\/2843227ca03ccf8cc7ccca45204c127e?s=96&d=mm&r=g\",\"contentUrl\":\"https:\/\/secure.gravatar.com\/avatar\/2843227ca03ccf8cc7ccca45204c127e?s=96&d=mm&r=g\",\"caption\":\"joaovitorjacintho1998\"},\"url\":\"https:\/\/beewebs.com\/da\/author\/joaovitorjacintho1998\/\"}]}<\/script>\n<!-- \/ Yoast SEO plugin. -->","yoast_head_json":{"title":"Cursos Especializados Universidad del Pac\u00edfico: variedad y microlearning para ejecutivos - BeeWebs","robots":{"index":"index","follow":"follow","max-snippet":"max-snippet:-1","max-image-preview":"max-image-preview:large","max-video-preview":"max-video-preview:-1"},"canonical":"https:\/\/beewebs.com\/da\/8eee29f5-99bd-4174-842a-977423f03bd9\/","og_locale":"da_DK","og_type":"article","og_title":"Cursos Especializados Universidad del Pac\u00edfico: variedad y microlearning para ejecutivos - BeeWebs","og_description":"Descubre los cursos especializados y de microlearning para ejecutivos de Universidad del Pac\u00edfico. Capacitaci\u00f3n flexible, opciones de 12 a 21 horas y \u00e1reas de alta demanda en Per\u00fa. \u00a1Potencia tu carrera!","og_url":"https:\/\/beewebs.com\/da\/8eee29f5-99bd-4174-842a-977423f03bd9\/","og_site_name":"BeeWebs","article_published_time":"2025-11-09T23:47:00+00:00","article_modified_time":"2025-11-09T23:47:29+00:00","author":"joaovitorjacintho1998","twitter_card":"summary_large_image","twitter_misc":{"Written by":"joaovitorjacintho1998","Est. reading time":"2 minutter"},"schema":{"@context":"https:\/\/schema.org","@graph":[{"@type":"Article","@id":"https:\/\/beewebs.com\/8eee29f5-99bd-4174-842a-977423f03bd9\/#article","isPartOf":{"@id":"https:\/\/beewebs.com\/8eee29f5-99bd-4174-842a-977423f03bd9\/"},"author":{"name":"joaovitorjacintho1998","@id":"https:\/\/beewebs.com\/#\/schema\/person\/b0b94dcbe2f5caf90bfdf59817c675ed"},"headline":"Cursos Especializados Universidad del Pac\u00edfico: variedad y microlearning para ejecutivos","datePublished":"2025-11-09T23:47:00+00:00","dateModified":"2025-11-09T23:47:29+00:00","mainEntityOfPage":{"@id":"https:\/\/beewebs.com\/8eee29f5-99bd-4174-842a-977423f03bd9\/"},"wordCount":436,"commentCount":0,"publisher":{"@id":"https:\/\/beewebs.com\/#organization"},"articleSection":["Hidden"],"inLanguage":"da-DK","potentialAction":[{"@type":"CommentAction","name":"Comment","target":["https:\/\/beewebs.com\/8eee29f5-99bd-4174-842a-977423f03bd9\/#respond"]}]},{"@type":"WebPage","@id":"https:\/\/beewebs.com\/8eee29f5-99bd-4174-842a-977423f03bd9\/","url":"https:\/\/beewebs.com\/8eee29f5-99bd-4174-842a-977423f03bd9\/","name":"Cursos Especializados Universidad del Pac\u00edfico: variedad y microlearning para ejecutivos - BeeWebs","isPartOf":{"@id":"https:\/\/beewebs.com\/#website"},"datePublished":"2025-11-09T23:47:00+00:00","dateModified":"2025-11-09T23:47:29+00:00","breadcrumb":{"@id":"https:\/\/beewebs.com\/8eee29f5-99bd-4174-842a-977423f03bd9\/#breadcrumb"},"inLanguage":"da-DK","potentialAction":[{"@type":"ReadAction","target":["https:\/\/beewebs.com\/8eee29f5-99bd-4174-842a-977423f03bd9\/"]}]},{"@type":"BreadcrumbList","@id":"https:\/\/beewebs.com\/8eee29f5-99bd-4174-842a-977423f03bd9\/#breadcrumb","itemListElement":[{"@type":"ListItem","position":1,"name":"Home","item":"https:\/\/beewebs.com\/"},{"@type":"ListItem","position":2,"name":"Cursos Especializados Universidad del Pac\u00edfico: variedad y microlearning para ejecutivos"}]},{"@type":"WebSite","@id":"https:\/\/beewebs.com\/#website","url":"https:\/\/beewebs.com\/","name":"BeeWebs","description":"","publisher":{"@id":"https:\/\/beewebs.com\/#organization"},"potentialAction":[{"@type":"SearchAction","target":{"@type":"EntryPoint","urlTemplate":"https:\/\/beewebs.com\/?s={search_term_string}"},"query-input":"required name=search_term_string"}],"inLanguage":"da-DK"},{"@type":"Organization","@id":"https:\/\/beewebs.com\/#organization","name":"BeeWebs","url":"https:\/\/beewebs.com\/","logo":{"@type":"ImageObject","inLanguage":"da-DK","@id":"https:\/\/beewebs.com\/#\/schema\/logo\/image\/","url":"https:\/\/beewebs.com\/wp-content\/uploads\/sites\/130\/2025\/06\/BeeWebs-news.png","contentUrl":"https:\/\/beewebs.com\/wp-content\/uploads\/sites\/130\/2025\/06\/BeeWebs-news.png","width":180,"height":60,"caption":"BeeWebs"},"image":{"@id":"https:\/\/beewebs.com\/#\/schema\/logo\/image\/"}},{"@type":"Person","@id":"https:\/\/beewebs.com\/#\/schema\/person\/b0b94dcbe2f5caf90bfdf59817c675ed","name":"joaovitorjacintho1998","image":{"@type":"ImageObject","inLanguage":"da-DK","@id":"https:\/\/beewebs.com\/#\/schema\/person\/image\/","url":"https:\/\/secure.gravatar.com\/avatar\/2843227ca03ccf8cc7ccca45204c127e?s=96&d=mm&r=g","contentUrl":"https:\/\/secure.gravatar.com\/avatar\/2843227ca03ccf8cc7ccca45204c127e?s=96&d=mm&r=g","caption":"joaovitorjacintho1998"},"url":"https:\/\/beewebs.com\/da\/author\/joaovitorjacintho1998\/"}]}},"uagb_featured_image_src":{"full":false,"thumbnail":false,"medium":false,"medium_large":false,"large":false,"1536x1536":false,"2048x2048":false,"trp-custom-language-flag":false},"uagb_author_info":{"display_name":"joaovitorjacintho1998","author_link":"https:\/\/beewebs.com\/da\/author\/joaovitorjacintho1998\/"},"uagb_comment_info":0,"uagb_excerpt":"Descubre los cursos especializados y de microlearning para ejecutivos de Universidad del Pac\u00edfico. Capacitaci\u00f3n flexible, opciones de 12 a 21 horas y \u00e1reas de alta demanda en Per\u00fa. \u00a1Potencia tu carrera!","_links":{"self":[{"href":"https:\/\/beewebs.com\/da\/wp-json\/wp\/v2\/posts\/4409"}],"collection":[{"href":"https:\/\/beewebs.com\/da\/wp-json\/wp\/v2\/posts"}],"about":[{"href":"https:\/\/beewebs.com\/da\/wp-json\/wp\/v2\/types\/post"}],"author":[{"embeddable":true,"href":"https:\/\/beewebs.com\/da\/wp-json\/wp\/v2\/users\/93"}],"replies":[{"embeddable":true,"href":"https:\/\/beewebs.com\/da\/wp-json\/wp\/v2\/comments?post=4409"}],"version-history":[{"count":1,"href":"https:\/\/beewebs.com\/da\/wp-json\/wp\/v2\/posts\/4409\/revisions"}],"predecessor-version":[{"id":4412,"href":"https:\/\/beewebs.com\/da\/wp-json\/wp\/v2\/posts\/4409\/revisions\/4412"}],"wp:attachment":[{"href":"https:\/\/beewebs.com\/da\/wp-json\/wp\/v2\/media?parent=4409"}],"wp:term":[{"taxonomy":"category","embeddable":true,"href":"https:\/\/beewebs.com\/da\/wp-json\/wp\/v2\/categories?post=4409"},{"taxonomy":"post_tag","embeddable":true,"href":"https:\/\/beewebs.com\/da\/wp-json\/wp\/v2\/tags?post=4409"}],"curies":[{"name":"wp","href":"https:\/\/api.w.org\/{rel}","templated":true}]}}